{"id":10918,"date":"2021-04-19T16:18:40","date_gmt":"2021-04-19T14:18:40","guid":{"rendered":"https:\/\/www.ghs-berlin.de\/?p=10918"},"modified":"2022-01-20T17:17:43","modified_gmt":"2022-01-20T15:17:43","slug":"ein-ganz-normaler-schultag-franzoesisch-fuer-anfaenger","status":"publish","type":"post","link":"https:\/\/www.ghs-berlin.de\/?p=10918","title":{"rendered":"Ein ganz normaler Schultag &#8211; Franz\u00f6sisch f\u00fcr Anf\u00e4nger"},"content":{"rendered":"[et_pb_section fb_built=&#8220;1&#8243; _builder_version=&#8220;4.6.5&#8243; background_image=&#8220;https:\/\/www.ghs-berlin.de\/wp-content\/uploads\/2017\/12\/ghs_schule_full.jpg&#8220; custom_padding=&#8220;||230px|&#8220;][et_pb_row _builder_version=&#8220;3.25&#8243; background_size=&#8220;initial&#8220; background_position=&#8220;top_left&#8220; background_repeat=&#8220;repeat&#8220;][et_pb_column type=&#8220;4_4&#8243; _builder_version=&#8220;3.25&#8243; custom_padding=&#8220;|||&#8220; custom_padding__hover=&#8220;|||&#8220;][\/et_pb_column][\/et_pb_row][\/et_pb_section][et_pb_section fb_built=&#8220;1&#8243; _builder_version=&#8220;3.22&#8243;][et_pb_row _builder_version=&#8220;3.25&#8243; background_size=&#8220;initial&#8220; background_position=&#8220;top_left&#8220; background_repeat=&#8220;repeat&#8220;][et_pb_column type=&#8220;4_4&#8243; _builder_version=&#8220;3.25&#8243; custom_padding=&#8220;|||&#8220; custom_padding__hover=&#8220;|||&#8220;][et_pb_text admin_label=&#8220;Headline |Beitragstitel&#8220; _builder_version=&#8220;4.6.5&#8243;]\n<h1 style=\"text-align: center;\">Ein ganz normaler Schultag &#8211; Franz\u00f6sisch f\u00fcr Anf\u00e4nger!<\/h1>\n[\/et_pb_text][\/et_pb_column][\/et_pb_row][et_pb_row column_structure=&#8220;1_3,2_3&#8243; _builder_version=&#8220;3.25&#8243; background_size=&#8220;initial&#8220; background_position=&#8220;top_left&#8220; background_repeat=&#8220;repeat&#8220;][et_pb_column type=&#8220;1_3&#8243; _builder_version=&#8220;3.25&#8243; custom_padding=&#8220;|||&#8220; custom_padding__hover=&#8220;|||&#8220;][et_pb_video src=&#8220;https:\/\/www.youtube.com\/watch?v=oIv0wHfeqpc&#8220; _builder_version=&#8220;4.6.5&#8243; _module_preset=&#8220;default&#8220;][\/et_pb_video][\/et_pb_column][et_pb_column type=&#8220;2_3&#8243; _builder_version=&#8220;3.25&#8243; custom_padding=&#8220;|||&#8220; custom_padding__hover=&#8220;|||&#8220;][et_pb_text _builder_version=&#8220;4.6.5&#8243; hover_enabled=&#8220;0&#8243; sticky_enabled=&#8220;0&#8243;]\n<p style=\"text-align: justify;\">Ihr wolltet schon immer einmal wissen, wie ein typischer Schultag an unserem Gymnasium aussieht, und wie man das Lernen der franz\u00f6sischen Sprache sinnvoll in einem schulischen Projekt umsetzen kann? Dann schaut euch diesen absolut gelungenen Film dazu an. Wir w\u00fcnschen viel Spa\u00df dabei&#8230;<\/p>\n[\/et_pb_text][et_pb_text _builder_version=&#8220;4.6.5&#8243; _module_preset=&#8220;default&#8220;]\n<p style=\"text-align: justify;\"><em>Wir weisen an dieser Stelle ausdr\u00fccklich darauf hin, dass die Anzeigen am Ende des Videos auf Drittanbieter und nicht auf uns zur\u00fcckzuf\u00fchren sind.<\/em><\/p>\n[\/et_pb_text][\/et_pb_column][\/et_pb_row][\/et_pb_section]\n","protected":false},"excerpt":{"rendered":"<p>Ihr wolltet schon immer einmal wissen, wie ein typischer Schultag an unserem Gymnasium aussieht und wie man das Lernen der franz\u00f6sischen Sprache sinnvoll in einem schulischen Projekt umsetzen kann? Dann schaut euch diesen absolut gelungenen Film dazu an&#8230;<\/p>\n","protected":false},"author":2,"featured_media":10921,"comment_status":"open","ping_status":"open","sticky":false,"template":"","format":"standard","meta":{"_et_pb_use_builder":"on","_et_pb_old_content":"","_et_gb_content_width":"","jetpack_post_was_ever_published":false,"_jetpack_newsletter_access":"","_jetpack_dont_email_post_to_subs":false,"_jetpack_newsletter_tier_id":0,"_jetpack_memberships_contains_paywalled_content":false,"_jetpack_memberships_contains_paid_content":false,"footnotes":"","jetpack_publicize_message":"","jetpack_publicize_feature_enabled":true,"jetpack_social_post_already_shared":true,"jetpack_social_options":{"image_generator_settings":{"template":"highway","default_image_id":0,"font":"","enabled":false},"version":2}},"categories":[16],"tags":[],"class_list":["post-10918","post","type-post","status-publish","format-standard","has-post-thumbnail","hentry","category-franzoesisch"],"jetpack_publicize_connections":[],"jetpack_featured_media_url":"https:\/\/www.ghs-berlin.de\/wp-content\/uploads\/2021\/04\/Anton.jpg","jetpack_shortlink":"https:\/\/wp.me\/p414Io-2Q6","jetpack_sharing_enabled":true,"_links":{"self":[{"href":"https:\/\/www.ghs-berlin.de\/index.php?rest_route=\/wp\/v2\/posts\/10918","targetHints":{"allow":["GET"]}}],"collection":[{"href":"https:\/\/www.ghs-berlin.de\/index.php?rest_route=\/wp\/v2\/posts"}],"about":[{"href":"https:\/\/www.ghs-berlin.de\/index.php?rest_route=\/wp\/v2\/types\/post"}],"author":[{"embeddable":true,"href":"https:\/\/www.ghs-berlin.de\/index.php?rest_route=\/wp\/v2\/users\/2"}],"replies":[{"embeddable":true,"href":"https:\/\/www.ghs-berlin.de\/index.php?rest_route=%2Fwp%2Fv2%2Fcomments&post=10918"}],"version-history":[{"count":6,"href":"https:\/\/www.ghs-berlin.de\/index.php?rest_route=\/wp\/v2\/posts\/10918\/revisions"}],"predecessor-version":[{"id":10926,"href":"https:\/\/www.ghs-berlin.de\/index.php?rest_route=\/wp\/v2\/posts\/10918\/revisions\/10926"}],"wp:featuredmedia":[{"embeddable":true,"href":"https:\/\/www.ghs-berlin.de\/index.php?rest_route=\/wp\/v2\/media\/10921"}],"wp:attachment":[{"href":"https:\/\/www.ghs-berlin.de\/index.php?rest_route=%2Fwp%2Fv2%2Fmedia&parent=10918"}],"wp:term":[{"taxonomy":"category","embeddable":true,"href":"https:\/\/www.ghs-berlin.de\/index.php?rest_route=%2Fwp%2Fv2%2Fcategories&post=10918"},{"taxonomy":"post_tag","embeddable":true,"href":"https:\/\/www.ghs-berlin.de\/index.php?rest_route=%2Fwp%2Fv2%2Ftags&post=10918"}],"curies":[{"name":"wp","href":"https:\/\/api.w.org\/{rel}","templated":true}]}}