{"id":11719,"date":"2022-03-23T14:18:24","date_gmt":"2022-03-23T12:18:24","guid":{"rendered":"https:\/\/www.ghs-berlin.de\/?p=11719"},"modified":"2023-03-25T13:16:41","modified_gmt":"2023-03-25T11:16:41","slug":"mit-neonazis-spricht-man-nicht-oder-doch-frau-asumang","status":"publish","type":"post","link":"https:\/\/www.ghs-berlin.de\/?p=11719","title":{"rendered":"Mit Neonazis spricht man nicht oder doch, Frau Asumang?"},"content":{"rendered":"[et_pb_section fb_built=&#8220;1&#8243; admin_label=&#8220;header&#8220; _builder_version=&#8220;4.15.1&#8243; background_image=&#8220;https:\/\/www.ghs-berlin.de\/wp-content\/uploads\/2022\/03\/header.jpg&#8220; custom_padding=&#8220;||300px|&#8220; global_colors_info=&#8220;{}&#8220;][et_pb_row _builder_version=&#8220;4.15&#8243; background_size=&#8220;initial&#8220; background_position=&#8220;top_left&#8220; background_repeat=&#8220;repeat&#8220; global_colors_info=&#8220;{}&#8220;][et_pb_column type=&#8220;4_4&#8243; _builder_version=&#8220;4.15&#8243; custom_padding=&#8220;|||&#8220; global_colors_info=&#8220;{}&#8220; custom_padding__hover=&#8220;|||&#8220;][\/et_pb_column][\/et_pb_row][\/et_pb_section][et_pb_section fb_built=&#8220;1&#8243; _builder_version=&#8220;4.15&#8243; global_colors_info=&#8220;{}&#8220;][et_pb_row _builder_version=&#8220;4.15&#8243; background_size=&#8220;initial&#8220; background_position=&#8220;top_left&#8220; background_repeat=&#8220;repeat&#8220; global_colors_info=&#8220;{}&#8220;][et_pb_column type=&#8220;4_4&#8243; _builder_version=&#8220;4.15&#8243; custom_padding=&#8220;|||&#8220; global_colors_info=&#8220;{}&#8220; custom_padding__hover=&#8220;|||&#8220;][et_pb_text _builder_version=&#8220;4.15.1&#8243; z_index_tablet=&#8220;500&#8243; global_colors_info=&#8220;{}&#8220;]\n<h1 style=\"text-align: center;\">Mit Neonazis spricht man nicht oder doch, Frau Asumang?<\/h1>\n[\/et_pb_text][\/et_pb_column][\/et_pb_row][et_pb_row _builder_version=&#8220;4.15.1&#8243; _module_preset=&#8220;default&#8220; global_colors_info=&#8220;{}&#8220;][et_pb_column type=&#8220;4_4&#8243; _builder_version=&#8220;4.15.1&#8243; _module_preset=&#8220;default&#8220; global_colors_info=&#8220;{}&#8220;][et_pb_text _builder_version=&#8220;4.15.1&#8243; _module_preset=&#8220;default&#8220; hover_enabled=&#8220;0&#8243; global_colors_info=&#8220;{}&#8220; sticky_enabled=&#8220;0&#8243;]\n<p style=\"text-align: justify;\"><em>Am 18.02.2022 kam Mo Asumang an das Gerhart-Hauptmann-Gymnasium, um mit uns \u00fcber Rassismus zu sprechen. Die 9. und 10. Klassen schauten eine Kurzfassung ihres Dokumentarfilms \u201eDie Arier\u201c und f\u00fchrten anschlie\u00dfend in der Aula und per Videokonferenz ein Gespr\u00e4ch mit ihr.<\/em><\/p>\n<p style=\"text-align: justify;\">In der \u201eSchule ohne Rassismus\u201c-AG diskutieren wir oft die Frage, wie man mit Rassismus umgehen sollte. Dabei stie\u00dfen wir auf eine Veranstaltung des Courage-Netzwerks, bei der wir Mo Asumang und ihren Dokumentarfilm &#8222;Die Arier\u201c kennenlernen durften. Mit ihrem Film begibt sich die Moderatorin, Autorin und Filmemacherin auf eine Reise in Neonazi- und Rassist*innen-Netzwerke weltweit. Dabei sucht sie das Gespr\u00e4ch mit Vertreter*innen rassistischer Organisationen, wie z.B. den Jungen Nationaldemokraten in Deutschland und dem Ku-Klux-Klan in den USA. Mo Asumang nimmt pers\u00f6nliche und sehr schmerzliche Rassismus-Erfahrungen zum Ausgangspunkt ihrer Suche nach Urspr\u00fcngen und Gr\u00fcnden sowie nach Strategien zur \u00dcberwindung von Rassismus. Beeindruckt von ihrem unerschrockenen Handeln, wollten wir mehr erfahren und entschieden uns, Frau Asumang einzuladen, uns am Gerhart-Hauptmann-Gymnasium zu besuchen. Zu unserer gro\u00dfen Freude sagte sie kurz entschlossen zu und das Courage-Netzwerk erkl\u00e4rte sich sofort bereit, diesen Besuch f\u00fcr unsere Schule zu finanzieren. Nun brauchten wir nur noch ein gutes Konzept, um m\u00f6glichst viele Sch\u00fcler*innen an unserer Veranstaltung aktiv teilnehmen zu lassen.<\/p>\n<p style=\"text-align: justify;\">Zun\u00e4chst sollten sich die 9. und 10. Klassen im Unterricht mit ihren Lehrkr\u00e4ften auf das Treffen vorbereiten. Dazu erstellten wir in der SoR-AG ein Unterrichtsmaterial, das wir den Lehrkr\u00e4ften zur Verf\u00fcgung stellten. So konnten Erwartungen und Fragen zu Mo Asumangs Projekt entwickelt werden. Am 18.02.2022 war es dann endlich soweit. Mo Asumang kam an das Gerhart-Hauptmann-Gymnasium. Die 9. und 10. Klassen sahen gemeinsam eine Kurzfassung ihres Films und f\u00fchrten anschlie\u00dfend in der Aula ein Gespr\u00e4ch mit ihr. Dank der Technik-AG und der besonderen Unterst\u00fctzung der stellvertretenden Schulleitung, Frau Domes, konnte die Veranstaltung von der Aula aus auch gleichzeitig in einige Klassenr\u00e4ume \u00fcbertragen werden, wo wiederum Fragen \u00fcber den Chat in die Aula gesandt und von Mo Asumang beantwortet wurden.<\/p>\n<p style=\"text-align: justify;\">In der AG hatten wir die Aufgaben gut verteilt. Einige Aktive halfen, zu moderieren, Fragen aus dem Publikum bzw. aus dem Chat an Frau Asumang zu stellen, machten Fotos, \u00fcberreichten Blumen und sprachen Dankesworte oder halfen beim Auf- und Abbau in der Aula. Sogar nach der Veranstaltung kamen noch etliche Teilnehmer*innen, um Mo Asumang Fragen zu stellen. Alles in allem hat uns dieser Austausch sehr motiviert, unsere M\u00f6glichkeiten als \u201eSchule ohne Rassismus \u2013 Schule mit Courage\u201c auf breitere F\u00fc\u00dfe zu stellen und damit einen Beitrag zu Toleranz und Verst\u00e4ndigung in unserer Gesellschaft zu leisten.<\/p>\n<p style=\"text-align: justify;\"><em>Fabian Rachid und Christiane Belling f\u00fcr die SoR AG<\/em><\/p>\n[\/et_pb_text][\/et_pb_column][\/et_pb_row][et_pb_row _builder_version=&#8220;4.15.1&#8243; _module_preset=&#8220;default&#8220; global_colors_info=&#8220;{}&#8220;][et_pb_column type=&#8220;4_4&#8243; _builder_version=&#8220;4.15.1&#8243; _module_preset=&#8220;default&#8220; global_colors_info=&#8220;{}&#8220;][et_pb_gallery gallery_ids=&#8220;11735,11729,11737,11736,11738,11739&#8243; _builder_version=&#8220;4.15.1&#8243; _module_preset=&#8220;default&#8220; global_colors_info=&#8220;{}&#8220;][\/et_pb_gallery][\/et_pb_column][\/et_pb_row][\/et_pb_section]\n","protected":false},"excerpt":{"rendered":"<p>In der \u201eSchule ohne Rassismus\u201c-AG diskutieren wir oft die Frage, wie man mit Rassismus umgehen sollte. Dabei stie\u00dfen wir auf eine Veranstaltung des Courage-Netzwerks, bei der wir Mo Asumang und ihren Dokumentarfilm &#8222;Die Arier\u201c kennenlernen durften. Mit ihrem Film&#8230;<\/p>\n","protected":false},"author":2,"featured_media":11729,"comment_status":"open","ping_status":"open","sticky":false,"template":"","format":"standard","meta":{"_et_pb_use_builder":"on","_et_pb_old_content":"","_et_gb_content_width":"","jetpack_post_was_ever_published":false,"_jetpack_newsletter_access":"","_jetpack_dont_email_post_to_subs":false,"_jetpack_newsletter_tier_id":0,"_jetpack_memberships_contains_paywalled_content":false,"_jetpack_memberships_contains_paid_content":false,"footnotes":"","jetpack_publicize_message":"","jetpack_publicize_feature_enabled":true,"jetpack_social_post_already_shared":true,"jetpack_social_options":{"image_generator_settings":{"template":"highway","default_image_id":0,"font":"","enabled":false},"version":2}},"categories":[33],"tags":[],"class_list":["post-11719","post","type-post","status-publish","format-standard","has-post-thumbnail","hentry","category-projekte-und-ags"],"jetpack_publicize_connections":[],"jetpack_featured_media_url":"https:\/\/www.ghs-berlin.de\/wp-content\/uploads\/2022\/03\/Foto_1_Thumbnail.jpg","jetpack_shortlink":"https:\/\/wp.me\/p414Io-331","jetpack_sharing_enabled":true,"_links":{"self":[{"href":"https:\/\/www.ghs-berlin.de\/index.php?rest_route=\/wp\/v2\/posts\/11719","targetHints":{"allow":["GET"]}}],"collection":[{"href":"https:\/\/www.ghs-berlin.de\/index.php?rest_route=\/wp\/v2\/posts"}],"about":[{"href":"https:\/\/www.ghs-berlin.de\/index.php?rest_route=\/wp\/v2\/types\/post"}],"author":[{"embeddable":true,"href":"https:\/\/www.ghs-berlin.de\/index.php?rest_route=\/wp\/v2\/users\/2"}],"replies":[{"embeddable":true,"href":"https:\/\/www.ghs-berlin.de\/index.php?rest_route=%2Fwp%2Fv2%2Fcomments&post=11719"}],"version-history":[{"count":9,"href":"https:\/\/www.ghs-berlin.de\/index.php?rest_route=\/wp\/v2\/posts\/11719\/revisions"}],"predecessor-version":[{"id":11743,"href":"https:\/\/www.ghs-berlin.de\/index.php?rest_route=\/wp\/v2\/posts\/11719\/revisions\/11743"}],"wp:featuredmedia":[{"embeddable":true,"href":"https:\/\/www.ghs-berlin.de\/index.php?rest_route=\/wp\/v2\/media\/11729"}],"wp:attachment":[{"href":"https:\/\/www.ghs-berlin.de\/index.php?rest_route=%2Fwp%2Fv2%2Fmedia&parent=11719"}],"wp:term":[{"taxonomy":"category","embeddable":true,"href":"https:\/\/www.ghs-berlin.de\/index.php?rest_route=%2Fwp%2Fv2%2Fcategories&post=11719"},{"taxonomy":"post_tag","embeddable":true,"href":"https:\/\/www.ghs-berlin.de\/index.php?rest_route=%2Fwp%2Fv2%2Ftags&post=11719"}],"curies":[{"name":"wp","href":"https:\/\/api.w.org\/{rel}","templated":true}]}}