{"id":11857,"date":"2022-07-05T12:52:03","date_gmt":"2022-07-05T10:52:03","guid":{"rendered":"https:\/\/www.ghs-berlin.de\/?p=11857"},"modified":"2023-09-22T16:00:17","modified_gmt":"2023-09-22T14:00:17","slug":"artenschutz-auf-unserem-schulhof-bedrohtes-leben-muss-geschuetzt-werden","status":"publish","type":"post","link":"https:\/\/www.ghs-berlin.de\/?p=11857","title":{"rendered":"GHS-Artenschutzteam \u00fcberzeugt mit eigenen Projektideen"},"content":{"rendered":"[et_pb_section fb_built=&#8220;1&#8243; _builder_version=&#8220;4.17.4&#8243; background_image=&#8220;https:\/\/www.ghs-berlin.de\/wp-content\/uploads\/2022\/07\/Artenschutz-scaled.jpg&#8220; custom_padding=&#8220;||230px|&#8220; global_colors_info=&#8220;{}&#8220;][et_pb_row _builder_version=&#8220;4.17.4&#8243; background_size=&#8220;initial&#8220; background_position=&#8220;top_left&#8220; background_repeat=&#8220;repeat&#8220; global_colors_info=&#8220;{}&#8220;][et_pb_column type=&#8220;4_4&#8243; _builder_version=&#8220;4.16&#8243; custom_padding=&#8220;|||&#8220; global_colors_info=&#8220;{}&#8220; custom_padding__hover=&#8220;|||&#8220;][\/et_pb_column][\/et_pb_row][\/et_pb_section][et_pb_section fb_built=&#8220;1&#8243; _builder_version=&#8220;4.16&#8243; global_colors_info=&#8220;{}&#8220;][et_pb_row _builder_version=&#8220;4.16&#8243; background_size=&#8220;initial&#8220; background_position=&#8220;top_left&#8220; background_repeat=&#8220;repeat&#8220; global_colors_info=&#8220;{}&#8220;][et_pb_column type=&#8220;4_4&#8243; _builder_version=&#8220;4.16&#8243; custom_padding=&#8220;|||&#8220; global_colors_info=&#8220;{}&#8220; custom_padding__hover=&#8220;|||&#8220;][et_pb_text admin_label=&#8220;Headline |Beitragstitel&#8220; _builder_version=&#8220;4.17.4&#8243; global_colors_info=&#8220;{}&#8220;]\n<h1 style=\"text-align: center;\">GHS-Artenschutzteam \u00fcberzeugt mit eigenen Projektideen<\/h1>\n[\/et_pb_text][\/et_pb_column][\/et_pb_row][et_pb_row column_structure=&#8220;1_2,1_2&#8243; _builder_version=&#8220;4.16&#8243; background_size=&#8220;initial&#8220; background_position=&#8220;top_left&#8220; background_repeat=&#8220;repeat&#8220; global_colors_info=&#8220;{}&#8220;][et_pb_column type=&#8220;1_2&#8243; _builder_version=&#8220;4.16&#8243; custom_padding=&#8220;|||&#8220; global_colors_info=&#8220;{}&#8220; custom_padding__hover=&#8220;|||&#8220;][et_pb_video_slider _builder_version=&#8220;4.17.4&#8243; _module_preset=&#8220;default&#8220; global_colors_info=&#8220;{}&#8220;][et_pb_video_slider_item src=&#8220;https:\/\/www.ghs-berlin.de\/wp-content\/uploads\/2022\/01\/Artenschutz.mov&#8220; _builder_version=&#8220;4.17.4&#8243; _module_preset=&#8220;default&#8220; global_colors_info=&#8220;{}&#8220; show_image_overlay=&#8220;off&#8220;][\/et_pb_video_slider_item][\/et_pb_video_slider][et_pb_image src=&#8220;https:\/\/www.ghs-berlin.de\/wp-content\/uploads\/2022\/07\/Foto_Lemke.jpg&#8220; title_text=&#8220;Artenschutzteam&#8220; show_in_lightbox=&#8220;on&#8220; _builder_version=&#8220;4.17.4&#8243; _module_preset=&#8220;default&#8220; global_colors_info=&#8220;{}&#8220;][\/et_pb_image][et_pb_text _builder_version=&#8220;4.17.4&#8243; _module_preset=&#8220;default&#8220; global_colors_info=&#8220;{}&#8220;]\n<p>Foto: v.l.n.r.: Frau Schliemann, Julian P. (11), Bundesumweltministerin Steffi Lemke, Til R. (7c), Josefine L. (7c), Henrike Z. (9b), Frau Melcher<\/p>\n[\/et_pb_text][\/et_pb_column][et_pb_column type=&#8220;1_2&#8243; _builder_version=&#8220;4.16&#8243; custom_padding=&#8220;|||&#8220; global_colors_info=&#8220;{}&#8220; custom_padding__hover=&#8220;|||&#8220;][et_pb_text _builder_version=&#8220;4.17.4&#8243; _module_preset=&#8220;default&#8220; global_colors_info=&#8220;{}&#8220;]\n<p style=\"text-align: center;\"><em>Artenschutz auf unserem Schulhof &#8211;<br \/>Bedrohtes Leben muss gesch\u00fctzt werden!<\/em><\/p>\n<p style=\"text-align: justify;\">Vom Bepflanzen, Bohren und H\u00e4mmern bis hin zu filigranen Pinselstrichen &#8211; alles war dabei und jeder konnte seinen individuellen Interessen nachgehen und seine Talente in die gemeinsame Projektarbeit einbringen. Das Ziel unseres Projektes im Rahmen der <em>&#8222;GHS-Zukunftswerkstatt&#8220;<\/em> war es, neue Lebensr\u00e4ume f\u00fcr verschiedene Tierarten zu schaffen und mehr Aufmerksamkeit f\u00fcr das Thema Artenschutz zu generieren: Wir wollen zeigen, dass Jede\/r mitwirken kann &#8211;\u00a0 jede noch so kleine Ma\u00dfnahme kann helfen, gef\u00e4hrdete Arten zu sch\u00fctzen! Zum Schutz von Wildbienen haben wir Insektenhotels gebaut, die sogleich von ersten Mauerbienen angenommen wurden. F\u00fcr die Vogelwelt errichteten wir verschiedene Nistk\u00e4sten und in unserer wildesten Ecke entstand ein gem\u00fctliches Igelquartier.<\/p>\n<p style=\"text-align: justify;\">Rund um unsere Hochbeete haben wir neue Beete angelegt und mit insektenfreundlichen, \u00fcberwiegend einheimischen Arten bepflanzt. Unser Ziel \u2013 Bl\u00fcten von Januar bis September. Um f\u00fcr einen gesch\u00fctzten Lebensraum zu sorgen, haben wir sowohl Totholzz\u00e4une und Beet-Begrenzungen angefertigt, als auch ein Hinweis-Schild gestaltet, welches auf den Artenschutz hinweist. Diese interessante praktische Arbeit bot uns allen einen tollen Ausgleich zu dem meist sehr theoretischen Unterricht. Wir konnten jede Menge Erfahrungen sammeln und es war ein gro\u00dfartiges Gef\u00fchl, am Ende der Projektwoche die fertigen Ergebnisse stolz betrachten zu k\u00f6nnen. Weitere spannende Hintergr\u00fcnde zum Artenschutz und Neuigkeiten aus dem Schulgarten finden sich auf unserem Instagram-Kanal <strong>@ghs_artenschutz<\/strong>.<\/p>\n[\/et_pb_text][\/et_pb_column][\/et_pb_row][et_pb_row _builder_version=&#8220;4.17.4&#8243; _module_preset=&#8220;default&#8220; global_colors_info=&#8220;{}&#8220;][et_pb_column type=&#8220;4_4&#8243; _builder_version=&#8220;4.17.4&#8243; _module_preset=&#8220;default&#8220; global_colors_info=&#8220;{}&#8220;][et_pb_text _builder_version=&#8220;4.17.4&#8243; _module_preset=&#8220;default&#8220; global_colors_info=&#8220;{}&#8220;]\n<p style=\"text-align: justify;\">Das stolze Artenschutz-Team hat beim Biodiversit\u00e4tspreis von Zoo und Tierparkt den 2.Platz erreicht! Die Lernenden des 7. bis 11. Jahrgangs haben in der Projektwoche bereits ihr Engagement f\u00fcr den Artenschutz bewiesen und die Jury mit ihren Ideen f\u00fcr noch mehr Biodiversit\u00e4t auf unserem Schulhof \u00fcberzeugt. Am 05.07.23 hat ihnen Bundesumweltministerin Steffi Lemke bei der feierlichen Preisverleihung im Zoo <strong>3000\u20ac Preisgeld<\/strong> \u00fcbergeben. In der n\u00e4chsten Projektwoche m\u00f6chten sie damit weitere Schutzma\u00dfnahmen finanzieren.<\/p>\n<p>Wir gratulieren dem Artenschutz-Team f\u00fcr diesen tollen Erfolg und freuen uns auf noch mehr Vielfalt auf dem Schulhof!<\/p>\n[\/et_pb_text][\/et_pb_column][\/et_pb_row][\/et_pb_section]\n","protected":false},"excerpt":{"rendered":"<p>Das stolze Artenschutz-Team hat beim Biodiversit\u00e4tspreis von Zoo und Tierparkt den 2.Platz erreicht! Die Lernenden des 7. bis 11. Jahrgangs haben in der Projektwoche bereits ihr Engagement f\u00fcr den Artenschutz bewiesen und die Jury mit ihren Ideen&#8230;<\/p>\n","protected":false},"author":2,"featured_media":11866,"comment_status":"open","ping_status":"open","sticky":false,"template":"","format":"standard","meta":{"_et_pb_use_builder":"on","_et_pb_old_content":"","_et_gb_content_width":"","jetpack_post_was_ever_published":false,"_jetpack_newsletter_access":"","_jetpack_dont_email_post_to_subs":false,"_jetpack_newsletter_tier_id":0,"_jetpack_memberships_contains_paywalled_content":false,"_jetpack_memberships_contains_paid_content":false,"footnotes":"","jetpack_publicize_message":"","jetpack_publicize_feature_enabled":true,"jetpack_social_post_already_shared":true,"jetpack_social_options":{"image_generator_settings":{"template":"highway","default_image_id":0,"font":"","enabled":false},"version":2}},"categories":[1,4],"tags":[],"class_list":["post-11857","post","type-post","status-publish","format-standard","has-post-thumbnail","hentry","category-allgemein","category-biologie"],"jetpack_publicize_connections":[],"jetpack_featured_media_url":"https:\/\/www.ghs-berlin.de\/wp-content\/uploads\/2022\/07\/Foto_Lemke.jpg","jetpack_shortlink":"https:\/\/wp.me\/p414Io-35f","jetpack_sharing_enabled":true,"_links":{"self":[{"href":"https:\/\/www.ghs-berlin.de\/index.php?rest_route=\/wp\/v2\/posts\/11857","targetHints":{"allow":["GET"]}}],"collection":[{"href":"https:\/\/www.ghs-berlin.de\/index.php?rest_route=\/wp\/v2\/posts"}],"about":[{"href":"https:\/\/www.ghs-berlin.de\/index.php?rest_route=\/wp\/v2\/types\/post"}],"author":[{"embeddable":true,"href":"https:\/\/www.ghs-berlin.de\/index.php?rest_route=\/wp\/v2\/users\/2"}],"replies":[{"embeddable":true,"href":"https:\/\/www.ghs-berlin.de\/index.php?rest_route=%2Fwp%2Fv2%2Fcomments&post=11857"}],"version-history":[{"count":18,"href":"https:\/\/www.ghs-berlin.de\/index.php?rest_route=\/wp\/v2\/posts\/11857\/revisions"}],"predecessor-version":[{"id":11888,"href":"https:\/\/www.ghs-berlin.de\/index.php?rest_route=\/wp\/v2\/posts\/11857\/revisions\/11888"}],"wp:featuredmedia":[{"embeddable":true,"href":"https:\/\/www.ghs-berlin.de\/index.php?rest_route=\/wp\/v2\/media\/11866"}],"wp:attachment":[{"href":"https:\/\/www.ghs-berlin.de\/index.php?rest_route=%2Fwp%2Fv2%2Fmedia&parent=11857"}],"wp:term":[{"taxonomy":"category","embeddable":true,"href":"https:\/\/www.ghs-berlin.de\/index.php?rest_route=%2Fwp%2Fv2%2Fcategories&post=11857"},{"taxonomy":"post_tag","embeddable":true,"href":"https:\/\/www.ghs-berlin.de\/index.php?rest_route=%2Fwp%2Fv2%2Ftags&post=11857"}],"curies":[{"name":"wp","href":"https:\/\/api.w.org\/{rel}","templated":true}]}}