{"id":11919,"date":"2022-04-25T12:15:42","date_gmt":"2022-04-25T10:15:42","guid":{"rendered":"https:\/\/www.ghs-berlin.de\/?p=11919"},"modified":"2023-04-26T16:47:15","modified_gmt":"2023-04-26T14:47:15","slug":"deutsch-polnischer-austausch-der-gewi-kurse-in-krakau","status":"publish","type":"post","link":"https:\/\/www.ghs-berlin.de\/?p=11919","title":{"rendered":"Deutsch-Polnischer Austausch der GeWi-Kurse in Krakau"},"content":{"rendered":"[et_pb_section fb_built=&#8220;1&#8243; _builder_version=&#8220;4.17.6&#8243; background_image=&#8220;https:\/\/www.ghs-berlin.de\/wp-content\/uploads\/2022\/04\/Krakau-header-scaled.jpg&#8220; custom_padding=&#8220;||230px|&#8220; hover_enabled=&#8220;0&#8243; global_colors_info=&#8220;{}&#8220; title_text=&#8220;Krakau header&#8220; sticky_enabled=&#8220;0&#8243;][et_pb_row _builder_version=&#8220;4.16&#8243; background_size=&#8220;initial&#8220; background_position=&#8220;top_left&#8220; background_repeat=&#8220;repeat&#8220; global_colors_info=&#8220;{}&#8220;][et_pb_column type=&#8220;4_4&#8243; _builder_version=&#8220;4.16&#8243; custom_padding=&#8220;|||&#8220; global_colors_info=&#8220;{}&#8220; custom_padding__hover=&#8220;|||&#8220;][\/et_pb_column][\/et_pb_row][\/et_pb_section][et_pb_section fb_built=&#8220;1&#8243; _builder_version=&#8220;4.16&#8243; global_colors_info=&#8220;{}&#8220;][et_pb_row _builder_version=&#8220;4.16&#8243; background_size=&#8220;initial&#8220; background_position=&#8220;top_left&#8220; background_repeat=&#8220;repeat&#8220; global_colors_info=&#8220;{}&#8220;][et_pb_column type=&#8220;4_4&#8243; _builder_version=&#8220;4.16&#8243; custom_padding=&#8220;|||&#8220; global_colors_info=&#8220;{}&#8220; custom_padding__hover=&#8220;|||&#8220;][et_pb_text admin_label=&#8220;Headline |Beitragstitel&#8220; _builder_version=&#8220;4.17.6&#8243; global_colors_info=&#8220;{}&#8220;]\n<h1 style=\"text-align: center;\">Deutsch-Polnischer Austausch der GeWi-Kurse in Krakau<\/h1>\n[\/et_pb_text][\/et_pb_column][\/et_pb_row][et_pb_row _builder_version=&#8220;4.16&#8243; background_size=&#8220;initial&#8220; background_position=&#8220;top_left&#8220; background_repeat=&#8220;repeat&#8220; global_colors_info=&#8220;{}&#8220;][et_pb_column type=&#8220;4_4&#8243; _builder_version=&#8220;4.16&#8243; custom_padding=&#8220;|||&#8220; global_colors_info=&#8220;{}&#8220; custom_padding__hover=&#8220;|||&#8220;][et_pb_text _builder_version=&#8220;4.17.6&#8243; _module_preset=&#8220;default&#8220; global_colors_info=&#8220;{}&#8220;]\n<p style=\"text-align: justify;\">Wir, die Gewi &#8211; Kurse der 10. Klassen, unternahmen vom 05. &#8211; 09. April einen Ausflug nach Krakau, wobei allein schon die Anreise ein Erlebnis f\u00fcr sich gewesen ist. Wir konnten durch die siebenst\u00fcndige Zugfahrt an uns selbst und unseren Lehrer:innen und Mitsch\u00fcler:innen ganz neue Seiten kennenlernen. Da schl\u00e4ft man beispielsweise auch schon mal mehrere Stunden an der Schulter eines Mitsch\u00fclers. Das Hostel, in welchem wir schlie\u00dflich untergebracht waren, war \u00e4u\u00dferlich nicht sonderlich ansprechend, aber wie man so sch\u00f6n sagt: \u201eDie inneren Werte z\u00e4hlen\u201c und so waren die R\u00e4umlichkeiten doch recht angenehm. Es gab zwar kleine M\u00e4ngel mit den Toiletten und den Duschen, aber das konnten wir verschmerzen. Dass die K\u00fcche nicht ausreichend gro\u00df war, war jedoch ein kleines Problem. Denn diese reichte nicht aus, um f\u00fcr 20 Personen zu kochen, wie anfangs geplant. Dies f\u00fchrte dazu, dass wir abends au\u00dferhalb Essen waren. Einmal fiel auch unser Fr\u00fchst\u00fcck aus, einfach weil man uns vergessen hatte, aber daf\u00fcr erhielten wir dann sp\u00e4ter ein sehr schmackhaftes Drei-G\u00e4nge-Men\u00fc.<\/p>\n<p style=\"text-align: justify;\">Abends durften wir raus gehen und uns frei bewegen, was es uns erm\u00f6glichte, dass wir in kleinen Gruppen die Stadt erkunden konnten. In den fr\u00fchen Abendstunden war es meist am sch\u00f6nsten, da die Weichsel, einer unser liebsten Orientierungspunkte, von den Promenaden und Br\u00fccken toll beleuchtet wurde. An den einzelnen Tagen unternahmen wir die unterschiedlichsten Aktivit\u00e4ten. Unter anderem hatten wir am ersten Tag eine kleine Stadtf\u00fchrung, wodurch es dann sp\u00e4ter einfacher war, uns zurecht zu finden. Wir besuchten auch das Konzentrationslager Auschwitz. Im Geschichtsunterricht \u201enur\u201c davon zu h\u00f6ren, ist das eine, aber ein Besuch ist etwas ganz anderes. Es war besonders eindrucksvoll, weil man nun mit den v\u00f6lkerrechtswidrigen Taten des Nationalsozialismus und dem damit verbundenen \u201eOrt des Geschehens\u201c direkt konfrontiert wurde. Das war f\u00fcr uns alle sehr interessant und emotional.<\/p>\n<p style=\"text-align: justify;\">Der H\u00f6hepunkt dieser Reise war ein Treffen mit polnischen Sch\u00fcler:innen, welches sich f\u00fcr uns anfangs etwas unangenehm anf\u00fchlte, aber durch die offene, freundliche Art der polnischen Gastgeber:innen wurde es ein lustiges und spannendes Erlebnis, welches wir sicherlich nicht so schnell vergessen werden. Wir besuchten am selben Tag noch das Schindler &#8211; Museum, was aber etwas entt\u00e4uschend war, da wir nicht mehr die Konzentration besa\u00dfen. Erschwerend kam hinzu, dass das Museum aus kleinen, verwinkelten R\u00e4umen bestand und eine lautstarke Musik- und Ger\u00e4uschkulisse herrschte. Dies alles hatte die Folge, dass die Museumsf\u00fchrerin nur schwer verst\u00e4ndlich war. Nichtsdestotrotz ist das Schindler &#8211; Museum sehr sehenswert.<\/p>\n<p style=\"text-align: justify;\">Alles in allem konnten wir die verschiedensten Erfahrungen sammeln und das Land Polen, seine Menschen und besonders Krakau n\u00e4her kennenlernen. F\u00fcr all diese Erfahrungen und auch, dass die Fahrt \u00fcberhaupt zustande kam, wollen wir uns bei unseren beiden Lehrerinnen Frau K\u00f6ller und Frau Schmidt ganz herzlich bedanken.<\/p>\n[\/et_pb_text][\/et_pb_column][\/et_pb_row][et_pb_row _builder_version=&#8220;4.17.4&#8243; _module_preset=&#8220;default&#8220; global_colors_info=&#8220;{}&#8220;][et_pb_column type=&#8220;4_4&#8243; _builder_version=&#8220;4.17.4&#8243; _module_preset=&#8220;default&#8220; global_colors_info=&#8220;{}&#8220;][et_pb_gallery gallery_ids=&#8220;11932,11922,11923,11930,11926,11927,11924,11925,11931,11928,11929&#8243; _builder_version=&#8220;4.17.6&#8243; _module_preset=&#8220;default&#8220; global_colors_info=&#8220;{}&#8220;][\/et_pb_gallery][\/et_pb_column][\/et_pb_row][\/et_pb_section]\n","protected":false},"excerpt":{"rendered":"<p>Wir, die Gewi &#8211; Kurse der 10. Klassen, unternahmen vom 05. &#8211; 09. April einen Ausflug nach Krakau, wobei allein schon die Anreise ein Erlebnis f\u00fcr sich gewesen ist. Wir konnten durch die siebenst\u00fcndige Zugfahrt an uns selbst und unseren Lehrer:innen und Mitsch\u00fcler:innen&#8230;<\/p>\n","protected":false},"author":2,"featured_media":11933,"comment_status":"open","ping_status":"open","sticky":false,"template":"","format":"standard","meta":{"_et_pb_use_builder":"on","_et_pb_old_content":"","_et_gb_content_width":"","jetpack_post_was_ever_published":false,"_jetpack_newsletter_access":"","_jetpack_dont_email_post_to_subs":false,"_jetpack_newsletter_tier_id":0,"_jetpack_memberships_contains_paywalled_content":false,"_jetpack_memberships_contains_paid_content":false,"footnotes":"","jetpack_publicize_message":"","jetpack_publicize_feature_enabled":true,"jetpack_social_post_already_shared":true,"jetpack_social_options":{"image_generator_settings":{"template":"highway","default_image_id":0,"font":"","enabled":false},"version":2}},"categories":[21],"tags":[],"class_list":["post-11919","post","type-post","status-publish","format-standard","has-post-thumbnail","hentry","category-geschichte"],"jetpack_publicize_connections":[],"jetpack_featured_media_url":"https:\/\/www.ghs-berlin.de\/wp-content\/uploads\/2022\/07\/PHOTO-2022-05-04-18-53-03-3.jpg","jetpack_shortlink":"https:\/\/wp.me\/p414Io-36f","jetpack_sharing_enabled":true,"_links":{"self":[{"href":"https:\/\/www.ghs-berlin.de\/index.php?rest_route=\/wp\/v2\/posts\/11919","targetHints":{"allow":["GET"]}}],"collection":[{"href":"https:\/\/www.ghs-berlin.de\/index.php?rest_route=\/wp\/v2\/posts"}],"about":[{"href":"https:\/\/www.ghs-berlin.de\/index.php?rest_route=\/wp\/v2\/types\/post"}],"author":[{"embeddable":true,"href":"https:\/\/www.ghs-berlin.de\/index.php?rest_route=\/wp\/v2\/users\/2"}],"replies":[{"embeddable":true,"href":"https:\/\/www.ghs-berlin.de\/index.php?rest_route=%2Fwp%2Fv2%2Fcomments&post=11919"}],"version-history":[{"count":7,"href":"https:\/\/www.ghs-berlin.de\/index.php?rest_route=\/wp\/v2\/posts\/11919\/revisions"}],"predecessor-version":[{"id":11941,"href":"https:\/\/www.ghs-berlin.de\/index.php?rest_route=\/wp\/v2\/posts\/11919\/revisions\/11941"}],"wp:featuredmedia":[{"embeddable":true,"href":"https:\/\/www.ghs-berlin.de\/index.php?rest_route=\/wp\/v2\/media\/11933"}],"wp:attachment":[{"href":"https:\/\/www.ghs-berlin.de\/index.php?rest_route=%2Fwp%2Fv2%2Fmedia&parent=11919"}],"wp:term":[{"taxonomy":"category","embeddable":true,"href":"https:\/\/www.ghs-berlin.de\/index.php?rest_route=%2Fwp%2Fv2%2Fcategories&post=11919"},{"taxonomy":"post_tag","embeddable":true,"href":"https:\/\/www.ghs-berlin.de\/index.php?rest_route=%2Fwp%2Fv2%2Ftags&post=11919"}],"curies":[{"name":"wp","href":"https:\/\/api.w.org\/{rel}","templated":true}]}}