{"id":13077,"date":"2025-01-27T11:29:43","date_gmt":"2025-01-27T09:29:43","guid":{"rendered":"https:\/\/www.ghs-berlin.de\/?p=13077"},"modified":"2025-08-24T10:18:49","modified_gmt":"2025-08-24T08:18:49","slug":"holocaustueberlebende-prof-janine-marx-moyse-zu-gast-an-der-ghs","status":"publish","type":"post","link":"https:\/\/www.ghs-berlin.de\/?p=13077","title":{"rendered":"Holocaust\u00fcberlebende Prof. Janine Marx-Moyse zu Gast an der GHS"},"content":{"rendered":"[et_pb_section fb_built=&#8220;1&#8243; admin_label=&#8220;header&#8220; _builder_version=&#8220;4.27.4&#8243; background_image=&#8220;https:\/\/www.ghs-berlin.de\/wp-content\/uploads\/2025\/01\/Zeitzeugen-neu.jpg&#8220; background_size=&#8220;contain&#8220; custom_padding=&#8220;||300px|&#8220; global_colors_info=&#8220;{}&#8220;][\/et_pb_section][et_pb_section fb_built=&#8220;1&#8243; _builder_version=&#8220;4.16&#8243; global_colors_info=&#8220;{}&#8220;][et_pb_row _builder_version=&#8220;4.16&#8243; background_size=&#8220;initial&#8220; background_position=&#8220;top_left&#8220; background_repeat=&#8220;repeat&#8220; global_colors_info=&#8220;{}&#8220;][et_pb_column type=&#8220;4_4&#8243; _builder_version=&#8220;4.16&#8243; custom_padding=&#8220;|||&#8220; global_colors_info=&#8220;{}&#8220; custom_padding__hover=&#8220;|||&#8220;][et_pb_text admin_label=&#8220;Text&#8220; _builder_version=&#8220;4.27.4&#8243; global_colors_info=&#8220;{}&#8220;]\n<h1 style=\"text-align: center;\">Holocaust\u00fcberlebende Prof. Janine Marx-Moyse zu Gast an der GHS<\/h1>\n[\/et_pb_text][et_pb_text _builder_version=&#8220;4.27.4&#8243; hover_enabled=&#8220;0&#8243; global_colors_info=&#8220;{}&#8220; sticky_enabled=&#8220;0&#8243;]\n<p style=\"text-align: justify;\"><em><strong>Am 27. Januar 2025 j\u00e4hrt sich der Tag der Befreiung des KZ Auschwitz zum 80. Mal. Seit geraumer Zeit wird am 27. Januar den Opfern des Nationalsozialismus gedacht. Dies gibt den Anlass, auf einen besonderen Moment in unserem Schuljahr zur\u00fcckzuschauen. Zu Beginn des Schuljahres fand an der GHS ein Zeitzeuginnengespr\u00e4ch mit der Holocaust\u00fcberlebenden Prof. Janine Marx-Moyse statt. Ein Bericht aus der AG \u201eSchule ohne Rassismus\u201c fasst die Eindr\u00fccke wie folgt zusammen:<\/strong><\/em><\/p>\n<p style=\"text-align: justify;\">Im September dieses Jahres hatte unsere Schule die Ehre, die Holocaust-\u00dcberlebende Prof. Janine Marx-Moyse in unserer Aula willkommen zu hei\u00dfen.\u00a0Durch einen Kontakt des Fachbereichs Franz\u00f6sisch zur Franz\u00f6sischen Botschaft sind wir zu diesem Privileg gekommen. Schnell war klar, dass wir dieses unbedingt nutzen m\u00f6chten und ein Gespr\u00e4ch vorbereiten werden. Bezogen auf das voranschreitende Alter der noch lebenden Zeitzeug*innen war uns allen bewusst, dass diese eine der letzten M\u00f6glichkeiten zu so einem pers\u00f6nlichen Erfahrungsbericht darstellen wird.<\/p>\n<p style=\"text-align: justify;\">Nach der Zusage ging alles total schnell: Herr Dr. Weber und Herr Lai\u00df organisierten alles Interne und die Kommunikation mit der Franz\u00f6sischen Botschaft, w\u00e4hrend die AG \u201eSchule ohne Rassismus\u201c (SoR-AG) einige Fragen vorbereitete, die die Sch\u00fcler*innen brennend interessiert hatten.\u00a0Und dann war es so weit: Als Sch\u00fcler*innen der 11. Klasse sowie der SoR-AG betraten wir mit etwas aufgeregtem Herzen die Aula, in der schon Frau Prof. Dr. Janine Marx-Moyse, ihr Enkel und Vertreter*innen der Franz\u00f6sischen Botschaft sa\u00dfen. Durch ihre herzliche Art kreierten Frau Marx-Moyse und ihr Enkel eine angenehme Atmosph\u00e4re, in der die Aufregung schnell verschwand und im Gegenzug unser Interesse Platz hatte, sich zu entfalten.<\/p>\n<p style=\"text-align: justify;\">Nach einer offiziellen Begr\u00fc\u00dfung und einer musikalischen Darbietung zweier Mitsch\u00fclerinnen starteten wir mit den ersten Fragen unseres Katalogs, die sich um ihre Kindheit und den grausamen Lageralltag drehten. Beim Stellen dieser Fragen hatten wir ein bisschen Angst, den falschen Ton zu treffen, weil das Thema durchaus sensibel ist. Die Angst wurde uns aber schnell genommen, da sie betonte, dass es keine schlechten Fragen gebe. Da Prof. Marx-Moyse im fr\u00fchen Kindesalter deportiert wurde, konnte sie nur bruchst\u00fcckhaft von Erinnerungen an ihre fr\u00fche Kindheit und die Ankunft im Konzentrationslager Bergen-Belsen berichten. Die schrecklichen Eindr\u00fccke von Leid, Krankheit und Tod pr\u00e4gten sich jedoch\u00a0sehr ein und bildeten f\u00fcr sie als Kind eine perfide Art der \u201eNormalit\u00e4t\u201c. Hierbei gab es auch einige Fragen aus dem Publikum, die Frau Marx-Moyse sehr pers\u00f6nlich beantwortete, indem sie zu den entsprechenden Sch\u00fcler*innen hinging und auf die Frage dort einging. So wurde das Gespr\u00e4ch sehr zugewandt und vertraut.<\/p>\n<p style=\"text-align: justify;\">Im zweiten Teil des Gespr\u00e4chs ging es dann um ihre Karriere nach dem Zweiten Weltkrieg. Nach ihrer R\u00fcckkehr nach Frankreich studierte Prof. Marx-Moyse Germanistik und forschte in diesem Rahmen auch zum Antisemitismus. F\u00fcr uns war sehr erstaunlich, dass sie ihre berufliche Leidenschaft f\u00fcr die deutsche Sprache und Kultur klar von den Erfahrungen im Konzentrationslager und von den Gr\u00e4ueltaten, die ihnen die Nazis antaten, trennen konnte. Gegen Ende kamen wir noch auf die aktuelle politische Lage und auch auf die Geschehnisse in Nahost zu sprechen. Sowohl sie als auch ihr Enkel Samuel \u00e4u\u00dferten ihre Sorge vor einem erstarkenden Antisemitismus. Samuel, der an der Freien Universit\u00e4t Berlin Politikwissenschaften studiert hatte, ordnete die Lage unserer Meinung nach sehr gut und diplomatisch ein, indem er von Erfahrungen mit Verwandten und Freund*innen berichtete und auf die zivilen Opfer beider Seiten mit Erschrecken hinwies.<\/p>\n<p style=\"text-align: justify;\">Alles in allem sind wir ausgesprochen dankbar f\u00fcr die Erfahrung, einmal pers\u00f6nlich mit einer Zeitzeugin des schrecklichen Holocausts sprechen zu d\u00fcrfen, was uns noch einmal greifbarer macht und eindr\u00fccklich zeigt, dass so etwas nie wieder passieren darf. Wir bedanken uns f\u00fcr dieses herzliche Gespr\u00e4ch bei Frau Marx-Moyse und allen, die dazu beigetragen haben, dass so eine Gelegenheit zustande kommen konnte.<\/p>\n<p style=\"text-align: justify;\"><em>Die AG \u201eSchule ohne Rassismus\u201c<\/em><\/p>\n[\/et_pb_text][\/et_pb_column][\/et_pb_row][\/et_pb_section]\n","protected":false},"excerpt":{"rendered":"<p>Am 27. Januar 2025 j\u00e4hrt sich der Tag der Befreiung des KZ Auschwitz zum 80. Mal. Seit geraumer Zeit wird am 27. Januar den Opfern des Nationalsozialismus gedacht. Dies gibt den Anlass, auf einen besonderen Moment in unserem Schuljahr zur\u00fcckzuschauen. Zu Beginn des&#8230;<\/p>\n","protected":false},"author":2,"featured_media":7245,"comment_status":"open","ping_status":"open","sticky":false,"template":"","format":"standard","meta":{"_et_pb_use_builder":"on","_et_pb_old_content":"","_et_gb_content_width":"","jetpack_post_was_ever_published":false,"_jetpack_newsletter_access":"","_jetpack_dont_email_post_to_subs":false,"_jetpack_newsletter_tier_id":0,"_jetpack_memberships_contains_paywalled_content":false,"_jetpack_memberships_contains_paid_content":false,"footnotes":"","jetpack_publicize_message":"","jetpack_publicize_feature_enabled":true,"jetpack_social_post_already_shared":true,"jetpack_social_options":{"image_generator_settings":{"template":"highway","default_image_id":0,"font":"","enabled":false},"version":2}},"categories":[1,33],"tags":[],"class_list":["post-13077","post","type-post","status-publish","format-standard","has-post-thumbnail","hentry","category-allgemein","category-projekte-und-ags"],"jetpack_publicize_connections":[],"jetpack_featured_media_url":"https:\/\/www.ghs-berlin.de\/wp-content\/uploads\/2018\/01\/corage.bmp.jpg","jetpack_shortlink":"https:\/\/wp.me\/p414Io-3oV","jetpack_sharing_enabled":true,"_links":{"self":[{"href":"https:\/\/www.ghs-berlin.de\/index.php?rest_route=\/wp\/v2\/posts\/13077","targetHints":{"allow":["GET"]}}],"collection":[{"href":"https:\/\/www.ghs-berlin.de\/index.php?rest_route=\/wp\/v2\/posts"}],"about":[{"href":"https:\/\/www.ghs-berlin.de\/index.php?rest_route=\/wp\/v2\/types\/post"}],"author":[{"embeddable":true,"href":"https:\/\/www.ghs-berlin.de\/index.php?rest_route=\/wp\/v2\/users\/2"}],"replies":[{"embeddable":true,"href":"https:\/\/www.ghs-berlin.de\/index.php?rest_route=%2Fwp%2Fv2%2Fcomments&post=13077"}],"version-history":[{"count":9,"href":"https:\/\/www.ghs-berlin.de\/index.php?rest_route=\/wp\/v2\/posts\/13077\/revisions"}],"predecessor-version":[{"id":13091,"href":"https:\/\/www.ghs-berlin.de\/index.php?rest_route=\/wp\/v2\/posts\/13077\/revisions\/13091"}],"wp:featuredmedia":[{"embeddable":true,"href":"https:\/\/www.ghs-berlin.de\/index.php?rest_route=\/wp\/v2\/media\/7245"}],"wp:attachment":[{"href":"https:\/\/www.ghs-berlin.de\/index.php?rest_route=%2Fwp%2Fv2%2Fmedia&parent=13077"}],"wp:term":[{"taxonomy":"category","embeddable":true,"href":"https:\/\/www.ghs-berlin.de\/index.php?rest_route=%2Fwp%2Fv2%2Fcategories&post=13077"},{"taxonomy":"post_tag","embeddable":true,"href":"https:\/\/www.ghs-berlin.de\/index.php?rest_route=%2Fwp%2Fv2%2Ftags&post=13077"}],"curies":[{"name":"wp","href":"https:\/\/api.w.org\/{rel}","templated":true}]}}