{"id":13791,"date":"2026-04-28T19:21:09","date_gmt":"2026-04-28T17:21:09","guid":{"rendered":"https:\/\/www.ghs-berlin.de\/?p=13791"},"modified":"2026-04-28T19:24:10","modified_gmt":"2026-04-28T17:24:10","slug":"chaos-im-maerchenwald-vorhang-auf-fuer-unser-neues-musical","status":"publish","type":"post","link":"https:\/\/www.ghs-berlin.de\/?p=13791","title":{"rendered":"Chaos im M\u00e4rchenwald &#8211; Vorhang auf f\u00fcr unser neues Musical"},"content":{"rendered":"[et_pb_section fb_built=&#8220;1&#8243; _builder_version=&#8220;4.16&#8243; background_image=&#8220;https:\/\/www.ghs-berlin.de\/wp-content\/uploads\/2017\/12\/Fotolia_165799166_S.jpg&#8220; custom_padding=&#8220;||230px|&#8220; global_colors_info=&#8220;{}&#8220;][et_pb_row _builder_version=&#8220;4.16&#8243; background_size=&#8220;initial&#8220; background_position=&#8220;top_left&#8220; background_repeat=&#8220;repeat&#8220; global_colors_info=&#8220;{}&#8220;][et_pb_column type=&#8220;4_4&#8243; _builder_version=&#8220;4.16&#8243; custom_padding=&#8220;|||&#8220; global_colors_info=&#8220;{}&#8220; custom_padding__hover=&#8220;|||&#8220;][\/et_pb_column][\/et_pb_row][\/et_pb_section][et_pb_section fb_built=&#8220;1&#8243; _builder_version=&#8220;4.16&#8243; global_colors_info=&#8220;{}&#8220;][et_pb_row _builder_version=&#8220;4.16&#8243; background_size=&#8220;initial&#8220; background_position=&#8220;top_left&#8220; background_repeat=&#8220;repeat&#8220; global_colors_info=&#8220;{}&#8220;][et_pb_column type=&#8220;4_4&#8243; _builder_version=&#8220;4.16&#8243; custom_padding=&#8220;|||&#8220; global_colors_info=&#8220;{}&#8220; custom_padding__hover=&#8220;|||&#8220;][et_pb_text admin_label=&#8220;Headline |Beitragstitel&#8220; _builder_version=&#8220;4.27.6&#8243; hover_enabled=&#8220;0&#8243; global_colors_info=&#8220;{}&#8220; sticky_enabled=&#8220;0&#8243;]\n<h1 style=\"text-align: center;\">Chaos im M\u00e4rchenwald &#8211; Vorhang auf f\u00fcr unser neues Musical<\/h1>\n[\/et_pb_text][\/et_pb_column][\/et_pb_row][et_pb_row column_structure=&#8220;1_4,3_4&#8243; _builder_version=&#8220;4.27.6&#8243; _module_preset=&#8220;default&#8220; global_colors_info=&#8220;{}&#8220;][et_pb_column type=&#8220;1_4&#8243; _builder_version=&#8220;4.27.6&#8243; _module_preset=&#8220;default&#8220; global_colors_info=&#8220;{}&#8220;][et_pb_image src=&#8220;https:\/\/www.ghs-berlin.de\/wp-content\/uploads\/2026\/04\/DS_Musical.jpg&#8220; _builder_version=&#8220;4.27.6&#8243; _module_preset=&#8220;default&#8220; hover_enabled=&#8220;0&#8243; box_shadow_style=&#8220;preset3&#8243; global_colors_info=&#8220;{}&#8220; show_in_lightbox=&#8220;on&#8220; sticky_enabled=&#8220;0&#8243;][\/et_pb_image][\/et_pb_column][et_pb_column type=&#8220;3_4&#8243; _builder_version=&#8220;4.27.6&#8243; _module_preset=&#8220;default&#8220; global_colors_info=&#8220;{}&#8220;][et_pb_text _builder_version=&#8220;4.27.6&#8243; _module_preset=&#8220;default&#8220; hover_enabled=&#8220;0&#8243; global_colors_info=&#8220;{}&#8220; sticky_enabled=&#8220;0&#8243;]\n<p style=\"text-align: justify;\">In diesem Schuljahr ist es wieder so weit &#8211; als f\u00e4cher\u00fcbergreifendes Gemeinschaftsprojekt entstand ein Musical an der GHS. <strong>Die Auff\u00fchrungen sind f\u00fcr den 3. und 4. Juni um 18.00 Uhr und am 5. Juni w\u00e4hrend des Schultages f\u00fcr die Klassen 7-10 geplant. Der Kartenverkauf erfolgt \u00fcber die Event-AG mit dem Ansprechpartner Herrn Buza am Montag, d. 01.06.2026. Wir freuen uns auf ein bunt gemischtes Publikum und laden hiermit Eltern, Lehrkr\u00e4fte, Ehemalige, Sch\u00fcler*innen und Interessierte herzlich ein!<\/strong><\/p>\n<p>Beteiligt sind:<\/p>\n<ul>\n<li><em>Sch\u00fcler*innen aus Leistungs- und Wahlpflichtkursen Kunst f\u00fcr Kost\u00fcmdesign mit Frau Reichelt und Frau Eick, Plakatgestaltung und B\u00fchnenbild (mit Frau Eick),<\/em><\/li>\n<li><em>ein Grundkurs Gymnastik Tanz mit Frau Boost als Tanz-Coaches<\/em><\/li>\n<li><em>Darstellerinnen aus der Theater-AG (Leitung Frau Fregin) und dem Grundkurs DS (Frau Richter)<\/em><\/li>\n<li><em>Die Vocals mit Frau Galler<\/em><\/li>\n<li><em>Musiker*innen mit Herrn Magirius<\/em><\/li>\n<li><em>Die Technik &#8211; AG um Noah Lischitzki<\/em><\/li>\n<li><em>Die Event &#8211; AG mit Herrn Buza<\/em><\/li>\n<\/ul>\n<p>Der Fachbereich DS<\/p>\n[\/et_pb_text][\/et_pb_column][\/et_pb_row][\/et_pb_section]\n","protected":false},"excerpt":{"rendered":"<p>In diesem Schuljahr ist es wieder so weit &#8211; als f\u00e4cher\u00fcbergreifendes Gemeinschaftsprojekt entstand ein Musical an der GHS. Die Auff\u00fchrungen sind f\u00fcr den 3. &#038; 4. Juni um 18.00 Uhr und am 5. Juni w\u00e4hrend des Schultages f\u00fcr die Klassen&#8230;<\/p>\n","protected":false},"author":2,"featured_media":13795,"comment_status":"open","ping_status":"open","sticky":false,"template":"","format":"standard","meta":{"_et_pb_use_builder":"on","_et_pb_old_content":"","_et_gb_content_width":"","jetpack_post_was_ever_published":false,"_jetpack_newsletter_access":"","_jetpack_dont_email_post_to_subs":false,"_jetpack_newsletter_tier_id":0,"_jetpack_memberships_contains_paywalled_content":false,"_jetpack_memberships_contains_paid_content":false,"footnotes":"","jetpack_publicize_message":"","jetpack_publicize_feature_enabled":true,"jetpack_social_post_already_shared":true,"jetpack_social_options":{"image_generator_settings":{"template":"highway","default_image_id":0,"font":"","enabled":false},"version":2}},"categories":[1,37,42],"tags":[],"class_list":["post-13791","post","type-post","status-publish","format-standard","has-post-thumbnail","hentry","category-allgemein","category-darstellendes-spiel","category-neuigkeiten-aus-unserem-schulleben"],"jetpack_publicize_connections":[],"jetpack_featured_media_url":"https:\/\/www.ghs-berlin.de\/wp-content\/uploads\/2026\/04\/Header-DS.jpg","jetpack_shortlink":"https:\/\/wp.me\/p414Io-3Ar","jetpack_sharing_enabled":true,"_links":{"self":[{"href":"https:\/\/www.ghs-berlin.de\/index.php?rest_route=\/wp\/v2\/posts\/13791","targetHints":{"allow":["GET"]}}],"collection":[{"href":"https:\/\/www.ghs-berlin.de\/index.php?rest_route=\/wp\/v2\/posts"}],"about":[{"href":"https:\/\/www.ghs-berlin.de\/index.php?rest_route=\/wp\/v2\/types\/post"}],"author":[{"embeddable":true,"href":"https:\/\/www.ghs-berlin.de\/index.php?rest_route=\/wp\/v2\/users\/2"}],"replies":[{"embeddable":true,"href":"https:\/\/www.ghs-berlin.de\/index.php?rest_route=%2Fwp%2Fv2%2Fcomments&post=13791"}],"version-history":[{"count":6,"href":"https:\/\/www.ghs-berlin.de\/index.php?rest_route=\/wp\/v2\/posts\/13791\/revisions"}],"predecessor-version":[{"id":13803,"href":"https:\/\/www.ghs-berlin.de\/index.php?rest_route=\/wp\/v2\/posts\/13791\/revisions\/13803"}],"wp:featuredmedia":[{"embeddable":true,"href":"https:\/\/www.ghs-berlin.de\/index.php?rest_route=\/wp\/v2\/media\/13795"}],"wp:attachment":[{"href":"https:\/\/www.ghs-berlin.de\/index.php?rest_route=%2Fwp%2Fv2%2Fmedia&parent=13791"}],"wp:term":[{"taxonomy":"category","embeddable":true,"href":"https:\/\/www.ghs-berlin.de\/index.php?rest_route=%2Fwp%2Fv2%2Fcategories&post=13791"},{"taxonomy":"post_tag","embeddable":true,"href":"https:\/\/www.ghs-berlin.de\/index.php?rest_route=%2Fwp%2Fv2%2Ftags&post=13791"}],"curies":[{"name":"wp","href":"https:\/\/api.w.org\/{rel}","templated":true}]}}