{"id":2647,"date":"2026-04-17T11:30:45","date_gmt":"2026-04-17T09:30:45","guid":{"rendered":"https:\/\/www.ghs-berlin.de\/?p=2647"},"modified":"2026-04-17T12:08:44","modified_gmt":"2026-04-17T10:08:44","slug":"das-fach-deutsch-stellt-sich-vor","status":"publish","type":"post","link":"https:\/\/www.ghs-berlin.de\/?p=2647","title":{"rendered":"Das Fach Deutsch stellt sich vor"},"content":{"rendered":"[et_pb_section fb_built=&#8220;1&#8243; _builder_version=&#8220;4.16&#8243; global_colors_info=&#8220;{}&#8220;][et_pb_row _builder_version=&#8220;4.16&#8243; background_size=&#8220;initial&#8220; background_position=&#8220;top_left&#8220; background_repeat=&#8220;repeat&#8220; global_colors_info=&#8220;{}&#8220;][et_pb_column type=&#8220;4_4&#8243; _builder_version=&#8220;4.16&#8243; custom_padding=&#8220;|||&#8220; global_colors_info=&#8220;{}&#8220; custom_padding__hover=&#8220;|||&#8220;][et_pb_text _builder_version=&#8220;4.16&#8243; global_colors_info=&#8220;{}&#8220;]\n<h1 style=\"text-align: center;\">Das Fach Deutsch stellt sich vor<\/h1>\n[\/et_pb_text][\/et_pb_column][\/et_pb_row][et_pb_row column_structure=&#8220;1_3,2_3&#8243; _builder_version=&#8220;4.16&#8243; background_size=&#8220;initial&#8220; background_position=&#8220;top_left&#8220; background_repeat=&#8220;repeat&#8220; global_colors_info=&#8220;{}&#8220;][et_pb_column type=&#8220;1_3&#8243; _builder_version=&#8220;4.16&#8243; custom_padding=&#8220;|||&#8220; global_colors_info=&#8220;{}&#8220; custom_padding__hover=&#8220;|||&#8220;][et_pb_image src=&#8220;https:\/\/www.ghs-berlin.de\/wp-content\/uploads\/2018\/08\/Gerhart-Hauptmann.bmp.jpg&#8220; align=&#8220;center&#8220; align_tablet=&#8220;center&#8220; align_phone=&#8220;&#8220; align_last_edited=&#8220;on|desktop&#8220; _builder_version=&#8220;4.16&#8243; box_shadow_style=&#8220;preset3&#8243; global_colors_info=&#8220;{}&#8220;][\/et_pb_image][\/et_pb_column][et_pb_column type=&#8220;2_3&#8243; _builder_version=&#8220;4.16&#8243; custom_padding=&#8220;|||&#8220; global_colors_info=&#8220;{}&#8220; custom_padding__hover=&#8220;|||&#8220;][et_pb_text admin_label=&#8220;Leer&#8220; _builder_version=&#8220;4.16&#8243; global_colors_info=&#8220;{}&#8220;][\/et_pb_text][et_pb_text admin_label=&#8220;Leer&#8220; _builder_version=&#8220;4.16&#8243; global_colors_info=&#8220;{}&#8220;][\/et_pb_text][et_pb_text _builder_version=&#8220;4.16&#8243; global_colors_info=&#8220;{}&#8220;]\n<h4 style=\"text-align: center;\"><em>\u201eIm Tropfen ist das ganze Meer.\u201c<br \/>Gerhart Hauptmann<br \/><\/em><\/h4>\n<p>&nbsp;<\/p>\n[\/et_pb_text][et_pb_text _builder_version=&#8220;4.16&#8243; global_colors_info=&#8220;{}&#8220;]\n<p style=\"text-align: justify;\">Rechtschreibung, Zeichensetzung und Grammatik bilden zweifellos einen Teil des Deutschunterrichtes. Aber es geht um weitaus mehr: Sich lesend der Literatur unterschiedlicher Zeiten zu n\u00e4hern und diese zu verstehen, eigene Texte verschiedener Art schreiben zu lernen, sich mit neuen Pr\u00e4sentationstechniken auseinanderzusetzen sind ebenfalls aus dem Unterricht nicht wegzudenken. Eigenst\u00e4ndig in der Sprache handelnde Sch\u00fclerinnen und Sch\u00fcler sind unser Ziel. Sie sollen im rezeptiven (Lesen und H\u00f6ren) wie im produktiven (Schreiben und Sprechen) Bereich m\u00fcndig und sicher werden.<\/p>\n<p><em>(Textquelle: Hauptmann, Gerhart, Aphorismen. In: Gutenberg Spiegel &#8222;Hauptmann&#8220;)<\/em><\/p>\n<p>&nbsp;<br \/>\n[\/et_pb_text][et_pb_text _builder_version=&#8220;4.16&#8243; global_colors_info=&#8220;{}&#8220;]\n<h4 style=\"text-align: center;\"><em>\u201eDie Hand am Ruder, kenn&#8216; ich keine Furcht, wohl aber als unt\u00e4tiger Passagier.\u201c<\/em><\/h4>\n[\/et_pb_text][\/et_pb_column][\/et_pb_row][et_pb_row _builder_version=&#8220;4.16&#8243; _module_preset=&#8220;default&#8220; global_colors_info=&#8220;{}&#8220;][et_pb_column type=&#8220;4_4&#8243; _builder_version=&#8220;4.16&#8243; _module_preset=&#8220;default&#8220; global_colors_info=&#8220;{}&#8220;][et_pb_text _builder_version=&#8220;4.16&#8243; _module_preset=&#8220;default&#8220; global_colors_info=&#8220;{}&#8220;]\n<p><strong><u>Fachliche Schwerpunkte:<\/u><\/strong><\/p>\n<ul>\n<li>Lesen und Verstehen literarischer und nichtliterarischer Texte: alle Gattungen und Genres, Lesestrategien, Inhalt-Form-Sprachzusammenh\u00e4nge, Unterscheidung zwischen Gesagtem und Gemeintem<\/li>\n<li>Sprache und Sprachbewusstsein: Wissen zur Syntax, Lexik, Wortbedeutung, Sprachvariet\u00e4ten und Funktion von Sprache<\/li>\n<li>Schreiben: Text planen, entwerfen, gestalten, insbesondere auch \u00fcberarbeiten<\/li>\n<li>Sprechen und Zuh\u00f6ren: Rede- und Argumentationsstrategien, szenisches Spiel, Rollenspiel<\/li>\n<li>F\u00e4cher\u00fcbergreifende Kompetenzen: vernetztes Denken, Kooperations- und Konfliktf\u00e4higkeit, Umgang mit Medien<\/li>\n<li>Arbeitsmethoden und Kommunikationsstrategien erlernen und erproben<\/li>\n<\/ul>\n<p>&nbsp;<\/p>\n<p><strong><u>Au\u00dferunterrichtliche Aktivit\u00e4ten<\/u><\/strong><\/p>\n<ul>\n<li>Recherchetechniken (Bibliothek, Internet)<\/li>\n<li>Bewerbungstechniken und Erstellen einer Bewerbungsmappe in Klasse 9<\/li>\n<li>Exkursionen: z.B. Anne-Frank-Museum, Gerhart-Hauptmann-Museum in Erkner, Besuch au\u00dferschulischer Kulturst\u00e4tten<\/li>\n<li>Theaterbesuche, Kinobesuche bieten die M\u00f6glichkeit, im Unterricht behandelte literarische Werke auf eine andere Weise zu rezipieren. Dazu geh\u00f6ren auch aktuelle Kinder- und Jugendtheaterst\u00fccke<\/li>\n<li>Theater im Klassenraum<\/li>\n<li>f\u00e4cher\u00fcbergreifende Arbeit, nach Absprache der Fachlehrer, z.B. Deutsch\/Kunst: Puppentheater in Klasse 7, Deutsch\/Physik: Versuchsbeschreibungen verfassen<\/li>\n<li>Projekt \u201eZeitung in der Schule\u201c, Kooperation mit &#8222;Die Zeit&#8220;, &#8222;Berliner Zeitung&#8220; und &#8222;Berliner Morgenpost&#8220; u.a.<\/li>\n<\/ul>\n<p>&nbsp;<\/p>\n<p><span style=\"text-decoration: underline;\"><strong>Unsere verwendeten Lehrwerke:<\/strong><\/span><\/p>\n[\/et_pb_text][\/et_pb_column][\/et_pb_row][et_pb_row column_structure=&#8220;1_5,1_5,1_5,1_5,1_5&#8243; _builder_version=&#8220;4.16&#8243; _module_preset=&#8220;default&#8220; global_colors_info=&#8220;{}&#8220;][et_pb_column type=&#8220;1_5&#8243; _builder_version=&#8220;4.16&#8243; _module_preset=&#8220;default&#8220; global_colors_info=&#8220;{}&#8220;][et_pb_image src=&#8220;https:\/\/www.ghs-berlin.de\/wp-content\/uploads\/2026\/04\/Deutsch-7-1.png&#8220; title_text=&#8220;Deutsch 7&#8243; _builder_version=&#8220;4.27.6&#8243; _module_preset=&#8220;default&#8220; hover_enabled=&#8220;0&#8243; global_colors_info=&#8220;{}&#8220; box_shadow_style=&#8220;preset1&#8243; sticky_enabled=&#8220;0&#8243;][\/et_pb_image][\/et_pb_column][et_pb_column type=&#8220;1_5&#8243; _builder_version=&#8220;4.16&#8243; _module_preset=&#8220;default&#8220; global_colors_info=&#8220;{}&#8220;][et_pb_image src=&#8220;https:\/\/www.ghs-berlin.de\/wp-content\/uploads\/2026\/04\/Klasse-8.jpg&#8220; title_text=&#8220;Deutsch 8&#8243; _builder_version=&#8220;4.27.6&#8243; _module_preset=&#8220;default&#8220; hover_enabled=&#8220;0&#8243; global_colors_info=&#8220;{}&#8220; box_shadow_style=&#8220;preset1&#8243; sticky_enabled=&#8220;0&#8243;][\/et_pb_image][\/et_pb_column][et_pb_column type=&#8220;1_5&#8243; _builder_version=&#8220;4.16&#8243; _module_preset=&#8220;default&#8220; global_colors_info=&#8220;{}&#8220;][et_pb_image src=&#8220;https:\/\/www.ghs-berlin.de\/wp-content\/uploads\/2026\/04\/Klasse-9.jpeg&#8220; title_text=&#8220;Deutsch 9&#8243; _builder_version=&#8220;4.27.6&#8243; _module_preset=&#8220;default&#8220; hover_enabled=&#8220;0&#8243; global_colors_info=&#8220;{}&#8220; box_shadow_style=&#8220;preset1&#8243; sticky_enabled=&#8220;0&#8243;][\/et_pb_image][\/et_pb_column][et_pb_column type=&#8220;1_5&#8243; _builder_version=&#8220;4.16&#8243; _module_preset=&#8220;default&#8220; global_colors_info=&#8220;{}&#8220;][et_pb_image src=&#8220;https:\/\/www.ghs-berlin.de\/wp-content\/uploads\/2026\/04\/Klasse-10.jpeg&#8220; title_text=&#8220;Deutsch 10&#8243; _builder_version=&#8220;4.27.6&#8243; _module_preset=&#8220;default&#8220; hover_enabled=&#8220;0&#8243; global_colors_info=&#8220;{}&#8220; box_shadow_style=&#8220;preset1&#8243; sticky_enabled=&#8220;0&#8243;][\/et_pb_image][\/et_pb_column][et_pb_column type=&#8220;1_5&#8243; _builder_version=&#8220;4.16&#8243; _module_preset=&#8220;default&#8220; global_colors_info=&#8220;{}&#8220;][et_pb_image src=&#8220;https:\/\/www.ghs-berlin.de\/wp-content\/uploads\/2026\/04\/Deutsch-Oberstufe.jpg&#8220; title_text=&#8220;Deutsch Oberstufe&#8220; _builder_version=&#8220;4.27.6&#8243; _module_preset=&#8220;default&#8220; hover_enabled=&#8220;0&#8243; global_colors_info=&#8220;{}&#8220; box_shadow_style=&#8220;preset1&#8243; sticky_enabled=&#8220;0&#8243;][\/et_pb_image][\/et_pb_column][\/et_pb_row][et_pb_row _builder_version=&#8220;4.16&#8243; _module_preset=&#8220;default&#8220; global_colors_info=&#8220;{}&#8220;][et_pb_column type=&#8220;4_4&#8243; _builder_version=&#8220;4.16&#8243; _module_preset=&#8220;default&#8220; global_colors_info=&#8220;{}&#8220;][et_pb_text _builder_version=&#8220;4.27.6&#8243; _module_preset=&#8220;default&#8220; global_colors_info=&#8220;{}&#8220;]\n<p><span style=\"text-decoration: underline;\"><strong>Unsere Pr\u00fcfungsschwerpunkte f\u00fcr das Abitur 2027 und 2008:<\/strong><\/span><\/p>\n[\/et_pb_text][\/et_pb_column][\/et_pb_row][et_pb_row column_structure=&#8220;1_3,1_3,1_3&#8243; _builder_version=&#8220;4.16&#8243; background_size=&#8220;initial&#8220; background_position=&#8220;top_left&#8220; background_repeat=&#8220;repeat&#8220; global_colors_info=&#8220;{}&#8220;][et_pb_column type=&#8220;1_3&#8243; _builder_version=&#8220;4.16&#8243; custom_padding=&#8220;|||&#8220; global_colors_info=&#8220;{}&#8220; custom_padding__hover=&#8220;|||&#8220;][et_pb_button button_url=&#8220;https:\/\/www.ghs-berlin.de\/wp-content\/uploads\/2026\/04\/ps_deutsch_2027_gk-7.pdf&#8220; url_new_window=&#8220;on&#8220; button_text=&#8220;Pr\u00fcfungsschwerpunkte GK 2027&#8243; admin_label=&#8220;Pr\u00fcfungsschwerpunkte GK 2027&#8243; _builder_version=&#8220;4.27.6&#8243; _module_preset=&#8220;default&#8220; box_shadow_style=&#8220;preset3&#8243; global_colors_info=&#8220;{}&#8220;][\/et_pb_button][et_pb_button button_url=&#8220;https:\/\/www.ghs-berlin.de\/wp-content\/uploads\/2026\/04\/ps_deutsch_2028_gk-2.pdf&#8220; url_new_window=&#8220;on&#8220; button_text=&#8220;Pr\u00fcfungsschwerpunkte GK 2028&#8243; admin_label=&#8220;Pr\u00fcfungsschwerpunkte GK 2028&#8243; _builder_version=&#8220;4.27.6&#8243; _module_preset=&#8220;default&#8220; box_shadow_style=&#8220;preset3&#8243; global_colors_info=&#8220;{}&#8220;][\/et_pb_button][\/et_pb_column][et_pb_column type=&#8220;1_3&#8243; _builder_version=&#8220;4.16&#8243; custom_padding=&#8220;|||&#8220; global_colors_info=&#8220;{}&#8220; custom_padding__hover=&#8220;|||&#8220;][\/et_pb_column][et_pb_column type=&#8220;1_3&#8243; _builder_version=&#8220;4.16&#8243; custom_padding=&#8220;|||&#8220; global_colors_info=&#8220;{}&#8220; custom_padding__hover=&#8220;|||&#8220;][et_pb_button button_url=&#8220;https:\/\/www.ghs-berlin.de\/wp-content\/uploads\/2026\/04\/ps_deutsch_2027_lk-6.pdf&#8220; url_new_window=&#8220;on&#8220; button_text=&#8220;Pr\u00fcfungsschwerpunkte LK 2027&#8243; admin_label=&#8220;Pr\u00fcfungsschwerpunkte LK 2027&#8243; _builder_version=&#8220;4.27.6&#8243; _module_preset=&#8220;default&#8220; box_shadow_style=&#8220;preset3&#8243; global_colors_info=&#8220;{}&#8220;][\/et_pb_button][et_pb_button button_url=&#8220;https:\/\/www.ghs-berlin.de\/wp-content\/uploads\/2026\/04\/ps_deutsch_2028_lk.pdf&#8220; url_new_window=&#8220;on&#8220; button_text=&#8220;Pr\u00fcfungsschwerpunkte LK 2028&#8243; admin_label=&#8220;Pr\u00fcfungsschwerpunkte LK 2028&#8243; _builder_version=&#8220;4.27.6&#8243; _module_preset=&#8220;default&#8220; box_shadow_style=&#8220;preset3&#8243; global_colors_info=&#8220;{}&#8220;][\/et_pb_button][\/et_pb_column][\/et_pb_row][\/et_pb_section]\n","protected":false},"excerpt":{"rendered":"<p>Deutschunterricht \u2013 mit diesem Fach verbindet man das Erlernen von Rechtschreibung, Zeichensetzung und Grammatik, Aufsatzlehre und Literaturgeschichte. Vor allem geht es aber auch um die kunst\u00e4sthetische Erziehung in der Auseinandersetzung mit der&#8230;<\/p>\n","protected":false},"author":2,"featured_media":6784,"comment_status":"closed","ping_status":"open","sticky":false,"template":"","format":"standard","meta":{"_et_pb_use_builder":"on","_et_pb_old_content":"<p><a href=\"https:\/\/www.ghs-berlin.de\/wp-content\/uploads\/2014\/10\/Pr\u00e4sentation1.png.jpg\"><img class=\"aligncenter size-full wp-image-2652\" src=\"https:\/\/www.ghs-berlin.de\/wp-content\/uploads\/2014\/10\/Pr\u00e4sentation1.png.jpg\" alt=\"Mondscheinlerche\" width=\"622\" height=\"800\" \/><\/a><\/p><p style=\"text-align: justify;\">Deutschunterricht \u2013 mit diesem Fach verbindet man das Erlernen von Rechtschreibung, Zeichensetzung und Grammatik, Aufsatzlehre und Literaturgeschichte. Vor allem geht es aber auch um die kunst\u00e4sthetische Erziehung in der Auseinandersetzung mit der humanistischen deutschen Literatur der Vergangenheit und Gegenwart. Literaturaneignung ist auch Spa\u00df und Genuss \u2013 ganz im Sinne von Ludwig Feuerbach: <em>B\u00fccher sind Brillen, durch die die Welt betrachtet wird...<\/em><\/p><p><em>\u00a0<\/em><\/p><p><span style=\"text-decoration: underline;\"><strong>Fachliche Schwerpunkte:<\/strong><\/span><\/p><ol><li>Lesen und Verstehen literarischer und nichtliterarischer Texte: alle Gattungen und Genres, Lesestrategien, Inhalt-Form-Sprachzusammenh\u00e4nge, Unterscheidung zwischen Gesagtem und Gemeintem<\/li><li>Sprache und Sprachbewusstsein: Wissen zur Syntax, Lexik, Wortbedeutung, Sprachvariet\u00e4ten und Funktion von Sprache<\/li><li>Schreiben: Text planen, entwerfen, gestalten, insbesondere auch \u00fcberarbeiten<\/li><li>Sprechen und Zuh\u00f6ren: Rede- und Argumentationsstrategien, szenisches Spiel, Rollenspiel<\/li><li>F\u00e4cher\u00fcbergreifende Kompetenzen: vernetztes Denken, Kooperations- und Konfliktf\u00e4higkeit, Umgang mit Medien<\/li><li>Arbeitsmethoden und Kommunikationsstrategien erlernen und erproben<\/li><\/ol><p>\u00a0<\/p><p><span style=\"text-decoration: underline;\"><strong>Begleitung der fachlichen Schwerpunktsetzung durch au\u00dferunterrichtliche Aktivit\u00e4ten, z.B.:<\/strong><\/span><\/p><ul><li>Recherchetechniken (Buch vs. Internet)<\/li><li>Bewerbungstechniken und Erstellen einer Bewerbungsmappe in Klasse 9<\/li><li>Exkursionen: z.B. Anne-Frank-Museum, Gerhart-Hauptmann-Museum Erkner, Besuch au\u00dferschulischer Kulturst\u00e4tten, Projekte zum Namensgeber der Schule<\/li><li>Theaterbesuche, Kinobesuche bieten die M\u00f6glichkeit, im Unterricht behandelte literarische Werke auf eine andere Weise zu rezipieren. Dazu geh\u00f6ren auch aktuelle Kinder- und Jugendtheaterst\u00fccke<\/li><li>Theater im Klassenraum<\/li><li>f\u00e4cher\u00fcbergreifende Arbeit, nach Absprache der Fachlehrer, z.B. Deutsch\/Kunst: Puppentheater in Klasse 7, Deutsch\/Physik: Versuchsbeschreibungen verfassen<\/li><li>Projekt \u201eZeitung in der Schule\u201c, Kooperation mit der Berliner Zeitung und der Berliner Morgenpost<\/li><\/ul><p>\u00a0<\/p><p><strong>Pr\u00fcfungsvorgaben f\u00fcr das Abitur<\/strong>:<br \/> <a href=\"http:\/\/www.berlin.de\/sen\/bildung\/schule\/pruefungen-und-abschluesse\/abitur\/\">f\u00fcr alle F\u00e4cher, insb. GK und LK Deutsch\u00a0 <\/a><\/p>","_et_gb_content_width":"","jetpack_post_was_ever_published":false,"_jetpack_newsletter_access":"","_jetpack_dont_email_post_to_subs":false,"_jetpack_newsletter_tier_id":0,"_jetpack_memberships_contains_paywalled_content":false,"_jetpack_memberships_contains_paid_content":false,"footnotes":"","jetpack_publicize_message":"","jetpack_publicize_feature_enabled":true,"jetpack_social_post_already_shared":true,"jetpack_social_options":{"image_generator_settings":{"template":"highway","default_image_id":0,"font":"","enabled":false},"version":2}},"categories":[14,2],"tags":[],"class_list":["post-2647","post","type-post","status-publish","format-standard","has-post-thumbnail","hentry","category-deutsch","category-fachbereicheunterricht"],"jetpack_publicize_connections":[],"jetpack_featured_media_url":"https:\/\/www.ghs-berlin.de\/wp-content\/uploads\/2017\/08\/Gerhart-Hauptmann.jpg","jetpack_shortlink":"https:\/\/wp.me\/p414Io-GH","jetpack_sharing_enabled":true,"_links":{"self":[{"href":"https:\/\/www.ghs-berlin.de\/index.php?rest_route=\/wp\/v2\/posts\/2647","targetHints":{"allow":["GET"]}}],"collection":[{"href":"https:\/\/www.ghs-berlin.de\/index.php?rest_route=\/wp\/v2\/posts"}],"about":[{"href":"https:\/\/www.ghs-berlin.de\/index.php?rest_route=\/wp\/v2\/types\/post"}],"author":[{"embeddable":true,"href":"https:\/\/www.ghs-berlin.de\/index.php?rest_route=\/wp\/v2\/users\/2"}],"replies":[{"embeddable":true,"href":"https:\/\/www.ghs-berlin.de\/index.php?rest_route=%2Fwp%2Fv2%2Fcomments&post=2647"}],"version-history":[{"count":48,"href":"https:\/\/www.ghs-berlin.de\/index.php?rest_route=\/wp\/v2\/posts\/2647\/revisions"}],"predecessor-version":[{"id":13785,"href":"https:\/\/www.ghs-berlin.de\/index.php?rest_route=\/wp\/v2\/posts\/2647\/revisions\/13785"}],"wp:featuredmedia":[{"embeddable":true,"href":"https:\/\/www.ghs-berlin.de\/index.php?rest_route=\/wp\/v2\/media\/6784"}],"wp:attachment":[{"href":"https:\/\/www.ghs-berlin.de\/index.php?rest_route=%2Fwp%2Fv2%2Fmedia&parent=2647"}],"wp:term":[{"taxonomy":"category","embeddable":true,"href":"https:\/\/www.ghs-berlin.de\/index.php?rest_route=%2Fwp%2Fv2%2Fcategories&post=2647"},{"taxonomy":"post_tag","embeddable":true,"href":"https:\/\/www.ghs-berlin.de\/index.php?rest_route=%2Fwp%2Fv2%2Ftags&post=2647"}],"curies":[{"name":"wp","href":"https:\/\/api.w.org\/{rel}","templated":true}]}}