{"id":4955,"date":"2022-01-11T11:50:47","date_gmt":"2022-01-11T09:50:47","guid":{"rendered":"https:\/\/www.ghs-berlin.de\/?p=4955"},"modified":"2022-01-12T12:05:08","modified_gmt":"2022-01-12T10:05:08","slug":"4955","status":"publish","type":"post","link":"https:\/\/www.ghs-berlin.de\/?p=4955","title":{"rendered":"Das Fach Theater \/ Darstellendes Spiel stellt sich vor"},"content":{"rendered":"[et_pb_section fb_built=&#8220;1&#8243; admin_label=&#8220;header&#8220; _builder_version=&#8220;3.22&#8243; background_image=&#8220;https:\/\/www.ghs-berlin.de\/wp-content\/uploads\/2017\/12\/Fotolia_165799166_S.jpg&#8220; custom_padding=&#8220;||300px|&#8220; global_colors_info=&#8220;{}&#8220;][et_pb_row _builder_version=&#8220;3.25&#8243; background_size=&#8220;initial&#8220; background_position=&#8220;top_left&#8220; background_repeat=&#8220;repeat&#8220; global_colors_info=&#8220;{}&#8220;][et_pb_column type=&#8220;4_4&#8243; _builder_version=&#8220;3.25&#8243; custom_padding=&#8220;|||&#8220; global_colors_info=&#8220;{}&#8220; custom_padding__hover=&#8220;|||&#8220;][\/et_pb_column][\/et_pb_row][\/et_pb_section][et_pb_section fb_built=&#8220;1&#8243; _builder_version=&#8220;3.22&#8243; global_colors_info=&#8220;{}&#8220;][et_pb_row _builder_version=&#8220;3.25&#8243; background_size=&#8220;initial&#8220; background_position=&#8220;top_left&#8220; background_repeat=&#8220;repeat&#8220; global_colors_info=&#8220;{}&#8220;][et_pb_column type=&#8220;4_4&#8243; _builder_version=&#8220;3.25&#8243; custom_padding=&#8220;|||&#8220; global_colors_info=&#8220;{}&#8220; custom_padding__hover=&#8220;|||&#8220;][et_pb_text _builder_version=&#8220;4.14.5&#8243; global_colors_info=&#8220;{}&#8220;]\n<h1 style=\"text-align: center;\">Das Fach Theater \/ Darstellendes Spiel stellt sich vor&#8230;<\/h1>\n[\/et_pb_text][et_pb_text _builder_version=&#8220;4.14.5&#8243; global_colors_info=&#8220;{}&#8220;]\n<p style=\"text-align: justify;\"><strong><u>Sekundarstufe I<br \/><\/u><\/strong>Ein fester Bestandteil unseres Schullebens ist die Arbeitsgemeinschaft <strong>\u201eTheater\u201c<\/strong>. Durch kleinere Auftritte, z.B. zum Schulfest oder zur Einschulung der 7. Klassen k\u00f6nnen wir das kulturelle Klima beeinflussen und unsere Arbeit pr\u00e4sentieren. Dabei wird j<strong>ahrgangs\u00fcbergreifend<\/strong> gearbeitet, da Sch\u00fclerinnen und Sch\u00fcler der Klassen 7-11 gemeinsam agieren. Dies ist eine einmalige Gelegenheit, einen gro\u00dfen Pool an Talenten kennen und sch\u00e4tzen zu lernen. <strong>Wichtig f\u00fcr unsere Arbeit ist, <\/strong>dass wir vor allem viel Spa\u00df und Freude am Darstellen und Spielen haben. Dazu geh\u00f6ren auch:<\/p>\n<ul>\n<li>Bewegungen auf der B\u00fchne und im Raum<\/li>\n<li>Nutzung von Mimik und Gestik<\/li>\n<li>Training der Stimme<\/li>\n<li>Texte \/ St\u00fccke untersuchen, rezitieren, lernen<\/li>\n<li>Figuren darstellen (Rollenbiografien)<\/li>\n<li>Standbilder bauen u.v.m.<\/li>\n<\/ul>\n<p style=\"text-align: justify;\">Am Ende des Schuljahres soll ein St\u00fcck unsere regelm\u00e4\u00dfige Arbeit in der AG abschlie\u00dfen. Dieses Schuljahr ist es geplant, eine eigene Version des Jugendbuches <em>&#8222;Was wir dachten, was wir taten&#8220;<\/em> von Lea-Lina-Oppermann zu inszenieren und hoffentlich auch aufzuf\u00fchren. Wir planen die Auff\u00fchrung am 14.06.2022 und hei\u00dfen alle Sch\u00fclerinnen und Sch\u00fcler herzlich Willkommen. <strong>Unsere Arbeitsgemeinschaft trifft sich immer Dienstags von 15:00 Uhr &#8211; 16:30 Uhr in der Aula unserer Schule. Ansprechpartnerin ist Frau Winter.<\/strong><\/p>\n<p style=\"text-align: justify;\"><strong>In der Klassenstufe 10 gibt es WPU-Kurse, die schon benotet werden und optimal auf den Grundkurs in der 11.Jahrgangsstufe vorbereiten. Dabei werden wichtige Grundlagen der Theaterarbeit (z.B. Einf\u00fchren und Ausprobieren vielf\u00e4ltiger Ausdruckstr\u00e4ger) gelegt und auch Sch\u00fcler*Innen, die nicht in der AG mitgearbeitet haben, k\u00f6nnen sich austesten. <\/strong>Die WPU-Kurse bereiten ebenfalls kleinere Auftritte, wie z.B. zum Herbstkonzert und (wenn m\u00f6glich) Weihnachtskonzert vor, um B\u00fchnenerfahrungen zu sammeln. Wir planen im Rahmen der WPU- Kurse im Mai 2022 das St\u00fcck <em>&#8222;Diener zweier Herren&#8220;<\/em> auff\u00fchren zu k\u00f6nnen. Parallel kann nat\u00fcrlich immer auch unsere AG besucht werden, was von vielen Sch\u00fclerinnen und Sch\u00fclern auch genutzt wird.<\/p>\n[\/et_pb_text][et_pb_text _builder_version=&#8220;4.14.5&#8243; _module_preset=&#8220;default&#8220; hover_enabled=&#8220;0&#8243; global_colors_info=&#8220;{}&#8220; sticky_enabled=&#8220;0&#8243;]\n<p style=\"text-align: justify;\"><strong>Sekundarstufe II<br \/><\/strong>Die Arbeitsgemeinschaft und \/ oder die WPU-Kurse sind Voraussetzung f\u00fcr das <strong>Kurssystem in der Jahrgangsstufe 11<\/strong>, um einen Grundkurs in das Abitur mit einzubringen oder \/ und sogar eine Pr\u00fcfung abzulegen (4.Pr\u00fcfungsfach, 5. Pr\u00fcfungskomponente). In diesem Schuljahr haben wir drei Grundkurse 11\/12. Geplant sind in diesem Rahmen auch wieder Auff\u00fchrungen. Es bleibt jedoch abzuwarten, wie sich die aktuelle Corona-Situation entwickelt und ob wir \u00fcberhaupt zu den Auff\u00fchrungen kommen werden.<\/p>\n<p style=\"text-align: justify;\"><em><strong>\u00d6dipus<\/strong><\/em> (Leitung Frau Fregin)<br \/><em>Wir begeben uns weit weg von unserer pandemiegepr\u00e4gten Realit\u00e4t in das antike Griechenland zu <strong>\u00d6dipus<\/strong>; arbeiten mit Bruchst\u00fccken des antiken Dramas und einer gegenw\u00e4rtigen Version, aus der wir eine ganz eigene, unterhaltsame Mischung kreieren. <\/em><em>Es begegnen uns vielf\u00e4ltige Figuren \u2013 mehr oder weniger weise und klug: K\u00f6nig*innen, die Sphinx, Boten, B\u00fcrger*innen und nat\u00fcrlich das Orakel von Delphi. <\/em><em>Unklar ist und bleibt, ob es eine Bestimmung im Leben gibt und ob wir dieser entkommen k\u00f6nnen.<\/em><\/p>\n<p style=\"text-align: justify;\"><em><strong>Die Nibelungen <\/strong><\/em>(Leitung Frau Winter &#8211; GK11\/12 geplant am 23.03.2022)<br \/><em>Ein Schw\u00e4chling bekommt die Powerfrau. Zwei Frauen streiten sich um eine Frau. Naiver \u00dcbermut wird zum Anlass einer racheschweren Mordintrige\u2026M\u00e4rchen und Sagen verlieren auch beim \u00c4lterwerden nicht an Reiz und Spannung. Was gef\u00e4llt uns an den Helden, den Unbesiegbaren, an den sch\u00f6nen Frauen, die umworben werden? Oder ist es der Reiz des B\u00f6sen, der uns fesselt?<\/em><\/p>\n<p style=\"text-align: justify;\"><em><strong>Woyzeck<\/strong><\/em> (Leitung Frau Winter GK 12 geplant am 16.03.2021)<br \/><em>Ein Mann, der eine Frau abg\u00f6ttisch liebt. Eine Frau, die den Mann vielleicht, aber sicherlich den Traum von einem besseren Leben liebt. Eine weitere \u201eFrau\u201c, die sich und die Frauen liebt. Woyzeck, maltr\u00e4tiert, verspottet, zum Versuchsobjekt degradiert. Ein Mann, der nichts hat au\u00dfer: Marie.<\/em><\/p>\n<p><em>Frau Winter &amp; Frau Fregin<\/em><\/p>\n[\/et_pb_text][\/et_pb_column][\/et_pb_row][et_pb_row column_structure=&#8220;1_2,1_2&#8243; _builder_version=&#8220;3.25&#8243; background_size=&#8220;initial&#8220; background_position=&#8220;top_left&#8220; background_repeat=&#8220;repeat&#8220; global_colors_info=&#8220;{}&#8220;][et_pb_column type=&#8220;1_2&#8243; _builder_version=&#8220;3.25&#8243; custom_padding=&#8220;|||&#8220; global_colors_info=&#8220;{}&#8220; custom_padding__hover=&#8220;|||&#8220;][et_pb_button button_url=&#8220;https:\/\/www.ghs-berlin.de\/wp-content\/uploads\/2018\/12\/5.PK_allg.-Info-DS.pdf&#8220; url_new_window=&#8220;on&#8220; button_text=&#8220;Allgemeine Infos zur 5.Pr\u00fcfungskomponente&#8220; button_alignment=&#8220;center&#8220; _builder_version=&#8220;3.19&#8243; box_shadow_style=&#8220;preset3&#8243; global_colors_info=&#8220;{}&#8220;][\/et_pb_button][\/et_pb_column][et_pb_column type=&#8220;1_2&#8243; _builder_version=&#8220;3.25&#8243; custom_padding=&#8220;|||&#8220; global_colors_info=&#8220;{}&#8220; custom_padding__hover=&#8220;|||&#8220;][et_pb_button button_url=&#8220;https:\/\/www.ghs-berlin.de\/wp-content\/uploads\/2018\/12\/Durchfu\u0308hrung-4.-PF-DS.pdf&#8220; url_new_window=&#8220;on&#8220; button_text=&#8220;Allgemeine Infos zum 4.Pr\u00fcfungsfach&#8220; button_alignment=&#8220;center&#8220; _builder_version=&#8220;3.19&#8243; box_shadow_style=&#8220;preset3&#8243; global_colors_info=&#8220;{}&#8220;][\/et_pb_button][\/et_pb_column][\/et_pb_row][et_pb_row _builder_version=&#8220;4.6.5&#8243; _module_preset=&#8220;default&#8220; global_colors_info=&#8220;{}&#8220;][et_pb_column type=&#8220;4_4&#8243; _builder_version=&#8220;4.6.5&#8243; _module_preset=&#8220;default&#8220; global_colors_info=&#8220;{}&#8220;][et_pb_video src=&#8220;https:\/\/www.youtube.com\/watch?v=H5e9BaBiGPA&#8220; thumbnail_overlay_color=&#8220;rgba(0,0,0,0.6)&#8220; _builder_version=&#8220;4.6.5&#8243; _module_preset=&#8220;default&#8220; width=&#8220;70%&#8220; max_width=&#8220;70%&#8220; module_alignment=&#8220;center&#8220; global_colors_info=&#8220;{}&#8220;][\/et_pb_video][et_pb_text _builder_version=&#8220;4.6.5&#8243; _module_preset=&#8220;default&#8220; global_colors_info=&#8220;{}&#8220;]\n<p style=\"text-align: center;\"><em>Wir weisen an dieser Stelle ausdr\u00fccklich darauf hin, dass die Anzeigen am Ende des Videos auf Drittanbieter und nicht auf uns zur\u00fcckzuf\u00fchren sind.<\/em><\/p>\n[\/et_pb_text][\/et_pb_column][\/et_pb_row][\/et_pb_section]\n","protected":false},"excerpt":{"rendered":"<p>Ein fester Bestandteil unseres Schullebens ist die Arbeitsgemeinschaft \u201eTheater\u201c. Durch kleinere Auftritte, z.B. zum Schulfest oder zur Einschulung der 7. Klassen k\u00f6nnen wir das kulturelle Klima beeinflussen und unsere Arbeit pr\u00e4sentieren. Dabei wird&#8230;<\/p>\n","protected":false},"author":2,"featured_media":7886,"comment_status":"closed","ping_status":"open","sticky":false,"template":"","format":"standard","meta":{"_et_pb_use_builder":"on","_et_pb_old_content":"<p style=\"text-align: justify;\"><a href=\"https:\/\/www.ghs-berlin.de\/wp-content\/uploads\/2016\/09\/WP_20160124_001.jpg\"><img class=\"wp-image-4967 alignright\" src=\"https:\/\/www.ghs-berlin.de\/wp-content\/uploads\/2016\/09\/WP_20160124_001.jpg\" alt=\"\" width=\"175\" height=\"242\" \/><\/a><\/p><p><strong><u>Sekundarstufe I<br \/> <\/u><\/strong><\/p><p style=\"text-align: justify;\">Seit 3 Jahren existiert die Arbeitsgemeinschaft <strong>\u201eTheater\u201c <\/strong>und\u00a0 hat sich inzwischen als fester Bestandteil des Schullebens etabliert. Durch kleinere Auftritte, z.B. zum Schulfest, Tag der offenen T\u00fcr und\u00a0 Herbstkonzert k\u00f6nnen wir das kulturelle Klima beeinflussen und unserer Arbeit pr\u00e4sentieren. Dabei wird j<strong>ahrgangs\u00fcbergreifend<\/strong> gearbeitet, da Sch\u00fclerinnen und Sch\u00fcler der Klassenstufen 7-11 gemeinsam agieren. Dies ist eine einmalige Gelegenheit einen gro\u00dfen Pool an Talenten kennen und sch\u00e4tzen zu lernen.<\/p><p style=\"text-align: justify;\"><span style=\"text-decoration: underline;\">Wichtig ist f\u00fcr unsere Arbeit ist\u2026<\/span><\/p><p style=\"text-align: justify;\">dass wir vor allem viel Spa\u00df und Freude am Darstellen und Spielen haben.<\/p><p style=\"text-align: justify;\"><span style=\"text-decoration: underline;\">Dazu geh\u00f6ren auch:<\/span><\/p><p style=\"text-align: justify;\">-\u00a0\u00a0\u00a0\u00a0\u00a0\u00a0 Bewegungen auf der B\u00fchne und im Raum<\/p><p style=\"text-align: justify;\">-\u00a0\u00a0\u00a0\u00a0\u00a0\u00a0 Nutzung von Mimik und Gestik<\/p><p style=\"text-align: justify;\">-\u00a0\u00a0\u00a0\u00a0\u00a0\u00a0 Training der Stimme<\/p><p style=\"text-align: justify;\">-\u00a0\u00a0\u00a0\u00a0\u00a0\u00a0 Texte \/ St\u00fccke untersuchen, rezitieren, lernen<\/p><p style=\"text-align: justify;\">-\u00a0\u00a0\u00a0\u00a0\u00a0\u00a0 Figuren darstellen (Rollenbiografien)<\/p><p style=\"text-align: justify;\">-\u00a0\u00a0\u00a0\u00a0\u00a0\u00a0 Standbilder bauen u.v.m.<\/p><p style=\"text-align: justify;\">Am Ende des Schuljahres soll ein St\u00fcck unsere regelm\u00e4\u00dfige Arbeit in der AG abschlie\u00dfen. Ziel f\u00fcr das Schuljahr (2017\/18) wird die Auseinandersetzung mit dem Wesen nationalsozialistischen Gedankenguts sein. Dabei nutzen wir als Diskussionsanlass das Jugendbuch \"Die Welle\u201c. Erstmalig gibt es in diesem Schuljahr einen WPU Kurs \"Theater\", der schon benotet wird und optimal auf den sich anschlie\u00dfenden Grundkurs in der Jahrgangsstufe 11 vorbereitet.<\/p><hr \/><p style=\"text-align: justify;\"><strong>Sekundarstufe II<\/strong><\/p><p style=\"text-align: justify;\">Die Arbeitsgemeinschaft kann auch als Voraussetzung f\u00fcr das <strong>Kurssystem in Klasse 11<\/strong> genutzt werden, um einen Grundkurs in das Abitur mit einzubringen und \/ oder sogar eine Pr\u00fcfung abzulegen (4.Pr\u00fcfungsfach und 5.Pr\u00fcfungskomponente sind m\u00f6glich). Er existiert seit dem letzten Schuljahr und wird sich in diesem Schuljahr an dem St\u00fcck von D\u00fcrrenmatt<strong> \u201eDer Besuch der alten Dame\u201c <\/strong>orientieren und eine freie Version auf die B\u00fchne bringen.<\/p><p>\u00a0<\/p><p style=\"text-align: center;\"><a href=\"https:\/\/www.ghs-berlin.de\/wp-content\/uploads\/2017\/08\/Impressionen-vom-letzten-Theaterst\u00fcck-2017-Othello.pdf\">Impressionen vom letzten Theaterst\u00fcck (2017) Othello<\/a><\/p><p>\u00a0<\/p><p style=\"text-align: center;\"><strong>Treffpunkt: Aula der GHS<\/strong><\/p><p style=\"text-align: center;\"><strong>Zeit: Dienstags von 15:00 Uhr \u2013 16:30 Uhr<\/strong><\/p><p style=\"text-align: center;\"><strong>Leitung\/Ansprechpartner: Frau Winter und Frau Fregin<\/strong><\/p>","_et_gb_content_width":"","jetpack_post_was_ever_published":false,"_jetpack_newsletter_access":"","_jetpack_dont_email_post_to_subs":false,"_jetpack_newsletter_tier_id":0,"_jetpack_memberships_contains_paywalled_content":false,"_jetpack_memberships_contains_paid_content":false,"footnotes":"","jetpack_publicize_message":"","jetpack_publicize_feature_enabled":true,"jetpack_social_post_already_shared":false,"jetpack_social_options":{"image_generator_settings":{"template":"highway","default_image_id":0,"font":"","enabled":false},"version":2}},"categories":[37],"tags":[],"class_list":["post-4955","post","type-post","status-publish","format-standard","has-post-thumbnail","hentry","category-darstellendes-spiel"],"jetpack_publicize_connections":[],"jetpack_featured_media_url":"https:\/\/www.ghs-berlin.de\/wp-content\/uploads\/2017\/08\/Fotolia_208886267_XS.jpg","jetpack_shortlink":"https:\/\/wp.me\/s414Io-4955","jetpack_sharing_enabled":true,"_links":{"self":[{"href":"https:\/\/www.ghs-berlin.de\/index.php?rest_route=\/wp\/v2\/posts\/4955","targetHints":{"allow":["GET"]}}],"collection":[{"href":"https:\/\/www.ghs-berlin.de\/index.php?rest_route=\/wp\/v2\/posts"}],"about":[{"href":"https:\/\/www.ghs-berlin.de\/index.php?rest_route=\/wp\/v2\/types\/post"}],"author":[{"embeddable":true,"href":"https:\/\/www.ghs-berlin.de\/index.php?rest_route=\/wp\/v2\/users\/2"}],"replies":[{"embeddable":true,"href":"https:\/\/www.ghs-berlin.de\/index.php?rest_route=%2Fwp%2Fv2%2Fcomments&post=4955"}],"version-history":[{"count":45,"href":"https:\/\/www.ghs-berlin.de\/index.php?rest_route=\/wp\/v2\/posts\/4955\/revisions"}],"predecessor-version":[{"id":11422,"href":"https:\/\/www.ghs-berlin.de\/index.php?rest_route=\/wp\/v2\/posts\/4955\/revisions\/11422"}],"wp:featuredmedia":[{"embeddable":true,"href":"https:\/\/www.ghs-berlin.de\/index.php?rest_route=\/wp\/v2\/media\/7886"}],"wp:attachment":[{"href":"https:\/\/www.ghs-berlin.de\/index.php?rest_route=%2Fwp%2Fv2%2Fmedia&parent=4955"}],"wp:term":[{"taxonomy":"category","embeddable":true,"href":"https:\/\/www.ghs-berlin.de\/index.php?rest_route=%2Fwp%2Fv2%2Fcategories&post=4955"},{"taxonomy":"post_tag","embeddable":true,"href":"https:\/\/www.ghs-berlin.de\/index.php?rest_route=%2Fwp%2Fv2%2Ftags&post=4955"}],"curies":[{"name":"wp","href":"https:\/\/api.w.org\/{rel}","templated":true}]}}