{"id":8964,"date":"2022-01-10T10:50:19","date_gmt":"2022-01-10T08:50:19","guid":{"rendered":"https:\/\/www.ghs-berlin.de\/?p=8964"},"modified":"2022-01-21T16:53:21","modified_gmt":"2022-01-21T14:53:21","slug":"das-fach-franzoesisch-stellt-sich-vor","status":"publish","type":"post","link":"https:\/\/www.ghs-berlin.de\/?p=8964","title":{"rendered":"Das Fach Franz\u00f6sisch stellt sich vor"},"content":{"rendered":"[et_pb_section fb_built=&#8220;1&#8243; admin_label=&#8220;header&#8220; _builder_version=&#8220;4.0.2&#8243; background_image=&#8220;https:\/\/www.ghs-berlin.de\/wp-content\/uploads\/2019\/10\/AdobeStock_29218864.jpg&#8220; background_size=&#8220;contain&#8220; custom_padding=&#8220;||300px|&#8220; global_colors_info=&#8220;{}&#8220;][et_pb_row _builder_version=&#8220;3.25&#8243; background_size=&#8220;initial&#8220; background_position=&#8220;top_left&#8220; background_repeat=&#8220;repeat&#8220; global_colors_info=&#8220;{}&#8220;][et_pb_column type=&#8220;4_4&#8243; _builder_version=&#8220;3.25&#8243; custom_padding=&#8220;|||&#8220; global_colors_info=&#8220;{}&#8220; custom_padding__hover=&#8220;|||&#8220;][\/et_pb_column][\/et_pb_row][\/et_pb_section][et_pb_section fb_built=&#8220;1&#8243; _builder_version=&#8220;3.22&#8243; global_colors_info=&#8220;{}&#8220;][et_pb_row _builder_version=&#8220;3.25&#8243; background_size=&#8220;initial&#8220; background_position=&#8220;top_left&#8220; background_repeat=&#8220;repeat&#8220; global_colors_info=&#8220;{}&#8220;][et_pb_column type=&#8220;4_4&#8243; _builder_version=&#8220;3.25&#8243; custom_padding=&#8220;|||&#8220; global_colors_info=&#8220;{}&#8220; custom_padding__hover=&#8220;|||&#8220;][et_pb_text _builder_version=&#8220;4.0.2&#8243; global_colors_info=&#8220;{}&#8220;]\n<h1 style=\"text-align: center;\">Das Fach Franz\u00f6sisch stellt sich vor<\/h1>\n[\/et_pb_text][et_pb_text _builder_version=&#8220;4.0.2&#8243; global_colors_info=&#8220;{}&#8220;]\n<p><em>So viele Sprachen wie ein Mensch spricht, so viele Leben hat er!<\/em><\/p>\n<p style=\"text-align: justify;\"><em>Weshalb soll ich eigentlich Franz\u00f6sisch lernen?<br \/><\/em>Diese Frage habt Ihr Euch sicherlich schon gestellt, wenn es an der Zeit war, eine geeignete Fremdsprache f\u00fcr sich zu finden. Mit den folgenden Informationen wollen wir versuchen, Euch die Entscheidungsfindung vielleicht etwas zu erleichtern. Vielleicht wusstet Ihr schon, dass Frankreich der gr\u00f6\u00dfte Au\u00dfenhandelspartner Deutschlands ist. Jedoch kann man mit Franzosen kaum in englischer Sprache verhandeln. Deshalb werden in Industrie und Handel dringend franz\u00f6sisch sprechende Fachleute gesucht. \u00dcber 1400 franz\u00f6sische Unternehmen sind inzwischen in Deutschland ans\u00e4ssig und 2600 deutsche Unternehmen in Frankreich! Es gibt also einen bedeutenden deutsch-franz\u00f6sischen Arbeitsmarkt. Auch f\u00fcr EU- Beamte sowie UN- Mitarbeiter ist die franz\u00f6sische Sprache neben der Englischen unerl\u00e4sslich. Nicht zuletzt, weil Europas Hauptstadt Br\u00fcssel zu 85% franz\u00f6sischsprachig ist und der europ\u00e4ische Sitz der Vereinten Nationen im frankophonen Genf seine Heimat hat. Ein Ergebnis langj\u00e4hriger erfolgreicher Zusammenarbeit zwischen Deutschland und Frankreich ist ein inzwischen enormes Angebot an deutsch-franz\u00f6sischen Studieng\u00e4ngen. An \u00fcber 100 deutschen Universit\u00e4ten und Hochschulen werden Teilstudieng\u00e4nge in Frankreich angeboten. K\u00f6nnt Ihr also gut Franz\u00f6sisch sprechen, ist das ein unsch\u00e4tzbarer Vorteil auf dem Arbeitsmarkt.<\/p>\n<p style=\"text-align: justify;\"><em>Der Franz\u00f6sischunterricht an der GHS<br \/><\/em>An unserer Schule unterrichten wir das Fach Franz\u00f6sisch als zweite Fremdsprache ab der Klassenstufe 7. Au\u00dferdem besteht die M\u00f6glichkeit, sich ab der Klassenstufe 9 auch im Wahlpflichtbereich f\u00fcr die franz\u00f6sische Sprache zu entscheiden. Im ersten Lernjahr werdet Ihr Euch haupts\u00e4chlich mit der richtigen Aussprache des Franz\u00f6sischen vertraut machen, die grundlegenden Schreibregeln erlernen und vor allem viel miteinander sprechen. Die Franz\u00f6sischlehrerinnen und -lehrer Frau Sauerteig, Frau Weckend, Frau Galler, Frau Eurlings, Frau Reichelt und Herr Dr. Weber stehen Euch dabei unterst\u00fctzend zur Seite und helfen Euch, alle auftretenden Schwierigkeiten zu \u00fcberwinden.<\/p>\n<p style=\"text-align: justify;\"><em>Apropos Schwierigkeiten<\/em>\u00a0<em>\u00fcberwinden<br \/><\/em>Mit Sicherheit werdet Ihr auf dem Schulhof immer mal wieder franz\u00f6sische Jugendliche treffen. Denn besonders im zweiten Schulhalbjahr haben wir immer zahlreiche franz\u00f6sische G\u00e4ste bei uns. Sie leben in den Familien unserer Sch\u00fclerinnen und Sch\u00fcler und besuchen f\u00fcr einen l\u00e4ngeren Zeitraum unsere Schule und den Unterricht. Auch Du kannst in Frankreich zur Schule gehen! In enger Zusammenarbeit mit den deutschen und franz\u00f6sischen Schulbeh\u00f6rden f\u00f6rdert das DFJW (Deutsch-Franz\u00f6sisches-Jugendwerk) seit dem Jahr 1989 den individuellen Sch\u00fcleraustausch zwischen Deutschland und Frankreich. In Berlin wird dieses Programm im Rahmen des <em>Brigitte-Sauzay<\/em>\u00a0bzw. des\u00a0<em>Voltaire-Programms<\/em> f\u00fcr Sch\u00fclerinnen und Sch\u00fcler der Klassenstufe 9 angeboten.In dieser Klassenstufe habt Ihr dann auch die M\u00f6glichkeit, an unserem Sch\u00fcleraustausch mit dem\u00a0<em>Coll\u00e8ge Jacques Ellul<\/em><em>\u00a0<\/em>in Bordeaux teilzunehmen. Alternativ oder zus\u00e4tzlich k\u00f6nnt Ihr Euch auch f\u00fcr einen drei- oder sechsmonatigen kostenlosen individuellen Austausch entscheiden. 10 Tage oder gar mehrere Monate in einer ausl\u00e4ndischen Familie leben, das ist schon ein kleines Abenteuer. Werde ich \u00fcberhaupt verstehen, was meine Gasteltern sagen? Und sie? Bin ich in der Lage, mich ausreichend verst\u00e4ndlich zu machen? Ein wenig mulmig ist den meisten schon im Magen, wenn sie im Zug oder im Flugzeug Richtung Frankreich sitzen\u2026 Umso gr\u00f6\u00dfer ist dann die Freude, wenn man merkt, dass das alles gar nicht so schlimm ist und man selbst in der franz\u00f6sischen Schule dem Unterricht durchaus folgen kann. Neben Schule und Familie gibt es nat\u00fcrlich jede Menge interessante Ausfl\u00fcge, Wanderungen und kulturelle Erlebnisse. Dazu eine tolle Stimmung in der Gruppe und eine(n) freundliche(n) franz\u00f6sische(n) correspondant(e). Da m\u00f6chte am Ende dann kaum wieder jemand nach Hause, jedenfalls noch nicht so schnell! Bei allen Teilnehmern entsteht durch den Sch\u00fcleraustausch eine neue, lang anhaltende Motivation zum Erlernen der franz\u00f6sischen Sprache. Teilnehmen kann jeder, der bereit ist, auch einen franz\u00f6sischen Gast bei sich aufzunehmen! Bei Interesse schaut einfach mal hier:\u00a0<a href=\"http:\/\/www.dfjw.org\/\">Deutsch-Franz\u00f6sisches Jugendwerk<\/a><\/p>\n<p style=\"text-align: justify;\"><em>Was ist noch wichtig<br \/><\/em>Viele unserer Sch\u00fclerinnen und Sch\u00fcler stellen sich in der 10.Klasse der <em>DELF-Pr\u00fcfung<\/em>, um ein weltweit g\u00fcltiges Sprachzertifikat zu erwerben. Sie werden von Ihren Fachlehrern auf diese Pr\u00fcfungen sehr gut vorbereitet und konnten bisher immer sehr stolz die vom franz\u00f6sischen Bildungsministerium ausgestellten Zertifikate entgegennehmen.<\/p>\n<p style=\"text-align: justify;\">In der<strong>\u00a0<\/strong><strong>Sekundarstufe II<\/strong>\u00a0gibt es bei uns seit Jahren Leistungs- und Grundkurse, die oft auch eine gemeinsame Kursfahrt nach Frankreich machen, wie z.B. der LK Franz\u00f6sisch und der LK Biologie im Schuljahr 2017\/18. Impressionen dazu k\u00f6nnt ihr euch hier anschauen:\u00a0<a href=\"https:\/\/www.ghs-berlin.de\/?p=5800\">Kursfahrt Nizza 2018<\/a><\/p>\n<p style=\"text-align: center;\">Also, kommt an die GHS und lernt Franz\u00f6sisch! Das Team der Franz\u00f6sischlehrerinnen und -lehrer freut sich auf Euch!<\/p>\n[\/et_pb_text][\/et_pb_column][\/et_pb_row][et_pb_row _builder_version=&#8220;3.25&#8243; background_size=&#8220;initial&#8220; background_position=&#8220;top_left&#8220; background_repeat=&#8220;repeat&#8220; global_colors_info=&#8220;{}&#8220; column_structure=&#8220;1_2,1_2&#8243;][et_pb_column type=&#8220;1_2&#8243; _builder_version=&#8220;3.25&#8243; custom_padding=&#8220;|||&#8220; global_colors_info=&#8220;{}&#8220; custom_padding__hover=&#8220;|||&#8220;][et_pb_image src=&#8220;https:\/\/www.ghs-berlin.de\/wp-content\/uploads\/2019\/10\/Frz-FB.jpg&#8220; align=&#8220;center&#8220; _builder_version=&#8220;4.0.2&#8243; box_shadow_style=&#8220;preset3&#8243; global_colors_info=&#8220;{}&#8220;][\/et_pb_image][\/et_pb_column][et_pb_column type=&#8220;1_2&#8243; _builder_version=&#8220;3.25&#8243; custom_padding=&#8220;|||&#8220; global_colors_info=&#8220;{}&#8220; custom_padding__hover=&#8220;|||&#8220;][et_pb_video _builder_version=&#8220;4.14.6&#8243; _module_preset=&#8220;default&#8220; src=&#8220;https:\/\/www.ghs-berlin.de\/wp-content\/uploads\/2022\/01\/KAPS_Franzoesisch_ist_mehr.mp4&#8243; box_shadow_style=&#8220;preset3&#8243; hover_enabled=&#8220;0&#8243; sticky_enabled=&#8220;0&#8243;][\/et_pb_video][\/et_pb_column][\/et_pb_row][\/et_pb_section]\n","protected":false},"excerpt":{"rendered":"<p>Weshalb soll ich eigentlich Franz\u00f6sisch lernen? Diese Frage habt Ihr Euch sicherlich schon gestellt, wenn es an der Zeit war, eine geeignete Fremdsprache f\u00fcr sich zu finden. Mit den folgenden Informationen wollen wir versuchen, Euch die Entscheidungsfindung vielleicht etwas zu erleichtern&#8230;<\/p>\n","protected":false},"author":2,"featured_media":7000,"comment_status":"open","ping_status":"open","sticky":false,"template":"","format":"standard","meta":{"_et_pb_use_builder":"on","_et_pb_old_content":"","_et_gb_content_width":"","jetpack_post_was_ever_published":false,"_jetpack_newsletter_access":"","_jetpack_dont_email_post_to_subs":false,"_jetpack_newsletter_tier_id":0,"_jetpack_memberships_contains_paywalled_content":false,"_jetpack_memberships_contains_paid_content":false,"footnotes":"","jetpack_publicize_message":"","jetpack_publicize_feature_enabled":true,"jetpack_social_post_already_shared":true,"jetpack_social_options":{"image_generator_settings":{"template":"highway","default_image_id":0,"font":"","enabled":false},"version":2}},"categories":[2,16,13],"tags":[],"class_list":["post-8964","post","type-post","status-publish","format-standard","has-post-thumbnail","hentry","category-fachbereicheunterricht","category-franzoesisch","category-sprachen"],"jetpack_publicize_connections":[],"jetpack_featured_media_url":"https:\/\/www.ghs-berlin.de\/wp-content\/uploads\/2017\/12\/Fotolia_119997722_S.jpg","jetpack_shortlink":"https:\/\/wp.me\/p414Io-2kA","jetpack_sharing_enabled":true,"_links":{"self":[{"href":"https:\/\/www.ghs-berlin.de\/index.php?rest_route=\/wp\/v2\/posts\/8964","targetHints":{"allow":["GET"]}}],"collection":[{"href":"https:\/\/www.ghs-berlin.de\/index.php?rest_route=\/wp\/v2\/posts"}],"about":[{"href":"https:\/\/www.ghs-berlin.de\/index.php?rest_route=\/wp\/v2\/types\/post"}],"author":[{"embeddable":true,"href":"https:\/\/www.ghs-berlin.de\/index.php?rest_route=\/wp\/v2\/users\/2"}],"replies":[{"embeddable":true,"href":"https:\/\/www.ghs-berlin.de\/index.php?rest_route=%2Fwp%2Fv2%2Fcomments&post=8964"}],"version-history":[{"count":9,"href":"https:\/\/www.ghs-berlin.de\/index.php?rest_route=\/wp\/v2\/posts\/8964\/revisions"}],"predecessor-version":[{"id":11629,"href":"https:\/\/www.ghs-berlin.de\/index.php?rest_route=\/wp\/v2\/posts\/8964\/revisions\/11629"}],"wp:featuredmedia":[{"embeddable":true,"href":"https:\/\/www.ghs-berlin.de\/index.php?rest_route=\/wp\/v2\/media\/7000"}],"wp:attachment":[{"href":"https:\/\/www.ghs-berlin.de\/index.php?rest_route=%2Fwp%2Fv2%2Fmedia&parent=8964"}],"wp:term":[{"taxonomy":"category","embeddable":true,"href":"https:\/\/www.ghs-berlin.de\/index.php?rest_route=%2Fwp%2Fv2%2Fcategories&post=8964"},{"taxonomy":"post_tag","embeddable":true,"href":"https:\/\/www.ghs-berlin.de\/index.php?rest_route=%2Fwp%2Fv2%2Ftags&post=8964"}],"curies":[{"name":"wp","href":"https:\/\/api.w.org\/{rel}","templated":true}]}}